{"id":1313,"date":"2024-02-21T10:45:29","date_gmt":"2024-02-21T13:45:29","guid":{"rendered":"https:\/\/portrasdanoticia.com.br\/?p=1313"},"modified":"2024-02-21T10:45:29","modified_gmt":"2024-02-21T13:45:29","slug":"prefeito-de-cairu-reajusta-salarios-dos-professores-e-dos-servidores","status":"publish","type":"post","link":"https:\/\/portrasdanoticia.com.br\/?p=1313","title":{"rendered":"Prefeito de Cairu reajusta sal\u00e1rios dos professores e dos servidores"},"content":{"rendered":"\n<p>O prefeito de Cairu Hild\u00e9cio Meireles sancionou nesta segunda-feira (19) as leis que concedem reajustes salariais aos professores da Rede Municipal da Educa\u00e7\u00e3o e aos servidores em geral, exceto os agentes comunit\u00e1rios de sa\u00fade e endemias, enfermeiros, t\u00e9cnicos de enfermagem e cargos com vencimentos reajustado pelo sal\u00e1rio m\u00ednimo.<\/p>\n\n\n\n<p>O reajuste dos professores no Munic\u00edpio-Arquip\u00e9lago de Cairu \u00e9 o dobro do definido pelo MEC para o piso salarial deste ano da Educa\u00e7\u00e3o B\u00e1sica. Ser\u00e3o acrescidos 7,24% aos valores dos vencimentos b\u00e1sicos de todos os docentes.<\/p>\n\n\n\n<p>J\u00e1 o reajuste dos servidores municipais \u00e9 de 10%, referente \u00e0 reposi\u00e7\u00e3o inflacion\u00e1ria acumulada em 2022 e 2023.<\/p>\n\n\n\n<p>Os novos sal\u00e1rios, j\u00e1 publicados no Di\u00e1rio Oficial do Munic\u00edpio, t\u00eam efeitos retroativos a 1\u00ba de janeiro.<\/p>\n\n\n\n<figure class=\"wp-block-image size-large\"><img data-recalc-dims=\"1\" loading=\"lazy\" decoding=\"async\" width=\"640\" height=\"737\" src=\"https:\/\/i0.wp.com\/portrasdanoticia.com.br\/wp-content\/uploads\/2024\/02\/WhatsApp-Image-2024-02-21-at-10.43.29-889x1024.jpeg?resize=640%2C737&#038;ssl=1\" alt=\"\" class=\"wp-image-1315\" srcset=\"https:\/\/i0.wp.com\/portrasdanoticia.com.br\/wp-content\/uploads\/2024\/02\/WhatsApp-Image-2024-02-21-at-10.43.29-scaled.jpeg?resize=889%2C1024&amp;ssl=1 889w, https:\/\/i0.wp.com\/portrasdanoticia.com.br\/wp-content\/uploads\/2024\/02\/WhatsApp-Image-2024-02-21-at-10.43.29-scaled.jpeg?resize=260%2C300&amp;ssl=1 260w, https:\/\/i0.wp.com\/portrasdanoticia.com.br\/wp-content\/uploads\/2024\/02\/WhatsApp-Image-2024-02-21-at-10.43.29-scaled.jpeg?resize=768%2C885&amp;ssl=1 768w, https:\/\/i0.wp.com\/portrasdanoticia.com.br\/wp-content\/uploads\/2024\/02\/WhatsApp-Image-2024-02-21-at-10.43.29-scaled.jpeg?resize=1333%2C1536&amp;ssl=1 1333w, https:\/\/i0.wp.com\/portrasdanoticia.com.br\/wp-content\/uploads\/2024\/02\/WhatsApp-Image-2024-02-21-at-10.43.29-scaled.jpeg?resize=1777%2C2048&amp;ssl=1 1777w, https:\/\/i0.wp.com\/portrasdanoticia.com.br\/wp-content\/uploads\/2024\/02\/WhatsApp-Image-2024-02-21-at-10.43.29-scaled.jpeg?w=1280 1280w, https:\/\/i0.wp.com\/portrasdanoticia.com.br\/wp-content\/uploads\/2024\/02\/WhatsApp-Image-2024-02-21-at-10.43.29-scaled.jpeg?w=1920 1920w\" sizes=\"auto, (max-width: 640px) 100vw, 640px\" \/><\/figure>\n","protected":false},"excerpt":{"rendered":"<p>O prefeito de Cairu Hild\u00e9cio Meireles sancionou nesta segunda-feira (19) as leis que concedem reajustes salariais aos professores da Rede Municipal da Educa\u00e7\u00e3o e aos servidores em geral, exceto os agentes comunit\u00e1rios de sa\u00fade e endemias, enfermeiros, t\u00e9cnicos de enfermagem e cargos com vencimentos reajustado pelo sal\u00e1rio m\u00ednimo. O reajuste dos professores no Munic\u00edpio-Arquip\u00e9lago de&#8230;<\/p>\n","protected":false},"author":4,"featured_media":1314,"comment_status":"open","ping_status":"open","sticky":false,"template":"","format":"standard","meta":{"_jetpack_memberships_contains_paid_content":false,"footnotes":""},"categories":[45],"tags":[],"class_list":["post-1313","post","type-post","status-publish","format-standard","has-post-thumbnail","hentry","category-cairu"],"yoast_head":"<!-- This site is optimized with the Yoast SEO plugin v26.8 - https:\/\/yoast.com\/product\/yoast-seo-wordpress\/ -->\n<title>Prefeito de Cairu reajusta sal\u00e1rios dos professores e dos servidores - Por Tr\u00e1s da Not\u00edcia<\/title>\n<meta name=\"robots\" content=\"index, follow, max-snippet:-1, max-image-preview:large, max-video-preview:-1\" \/>\n<link rel=\"canonical\" href=\"https:\/\/portrasdanoticia.com.br\/?p=1313\" \/>\n<meta property=\"og:locale\" content=\"pt_BR\" \/>\n<meta property=\"og:type\" content=\"article\" \/>\n<meta property=\"og:title\" content=\"Prefeito de Cairu reajusta sal\u00e1rios dos professores e dos servidores - Por Tr\u00e1s da Not\u00edcia\" \/>\n<meta property=\"og:description\" content=\"O prefeito de Cairu Hild\u00e9cio Meireles sancionou nesta segunda-feira (19) as leis que concedem reajustes salariais aos professores da Rede Municipal da Educa\u00e7\u00e3o e aos servidores em geral, exceto os agentes comunit\u00e1rios de sa\u00fade e endemias, enfermeiros, t\u00e9cnicos de enfermagem e cargos com vencimentos reajustado pelo sal\u00e1rio m\u00ednimo. O reajuste dos professores no Munic\u00edpio-Arquip\u00e9lago de...\" \/>\n<meta property=\"og:url\" content=\"https:\/\/portrasdanoticia.com.br\/?p=1313\" \/>\n<meta property=\"og:site_name\" content=\"Por Tr\u00e1s da Not\u00edcia\" \/>\n<meta property=\"article:published_time\" content=\"2024-02-21T13:45:29+00:00\" \/>\n<meta property=\"og:image\" content=\"https:\/\/portrasdanoticia.com.br\/wp-content\/uploads\/2024\/02\/29813-901467-2018-07-27-09-38-35.jpg\" \/>\n\t<meta property=\"og:image:width\" content=\"950\" \/>\n\t<meta property=\"og:image:height\" content=\"535\" \/>\n\t<meta property=\"og:image:type\" content=\"image\/jpeg\" \/>\n<meta name=\"author\" content=\"Colunista01\" \/>\n<meta name=\"twitter:card\" content=\"summary_large_image\" \/>\n<meta name=\"twitter:label1\" content=\"Escrito por\" \/>\n\t<meta name=\"twitter:data1\" content=\"Colunista01\" \/>\n\t<meta name=\"twitter:label2\" content=\"Est. tempo de leitura\" \/>\n\t<meta name=\"twitter:data2\" content=\"1 minuto\" \/>\n<script type=\"application\/ld+json\" class=\"yoast-schema-graph\">{\"@context\":\"https:\/\/schema.org\",\"@graph\":[{\"@type\":\"Article\",\"@id\":\"https:\/\/portrasdanoticia.com.br\/?p=1313#article\",\"isPartOf\":{\"@id\":\"https:\/\/portrasdanoticia.com.br\/?p=1313\"},\"author\":{\"name\":\"Colunista01\",\"@id\":\"https:\/\/portrasdanoticia.com.br\/#\/schema\/person\/c82049a66889abc8daf6f947cd4e34f9\"},\"headline\":\"Prefeito de Cairu reajusta sal\u00e1rios dos professores e dos servidores\",\"datePublished\":\"2024-02-21T13:45:29+00:00\",\"mainEntityOfPage\":{\"@id\":\"https:\/\/portrasdanoticia.com.br\/?p=1313\"},\"wordCount\":140,\"commentCount\":0,\"publisher\":{\"@id\":\"https:\/\/portrasdanoticia.com.br\/#organization\"},\"image\":{\"@id\":\"https:\/\/portrasdanoticia.com.br\/?p=1313#primaryimage\"},\"thumbnailUrl\":\"https:\/\/i0.wp.com\/portrasdanoticia.com.br\/wp-content\/uploads\/2024\/02\/29813-901467-2018-07-27-09-38-35.jpg?fit=950%2C535&ssl=1\",\"articleSection\":[\"Cairu\"],\"inLanguage\":\"pt-BR\",\"potentialAction\":[{\"@type\":\"CommentAction\",\"name\":\"Comment\",\"target\":[\"https:\/\/portrasdanoticia.com.br\/?p=1313#respond\"]}]},{\"@type\":\"WebPage\",\"@id\":\"https:\/\/portrasdanoticia.com.br\/?p=1313\",\"url\":\"https:\/\/portrasdanoticia.com.br\/?p=1313\",\"name\":\"Prefeito de Cairu reajusta sal\u00e1rios dos professores e dos servidores - Por Tr\u00e1s da Not\u00edcia\",\"isPartOf\":{\"@id\":\"https:\/\/portrasdanoticia.com.br\/#website\"},\"primaryImageOfPage\":{\"@id\":\"https:\/\/portrasdanoticia.com.br\/?p=1313#primaryimage\"},\"image\":{\"@id\":\"https:\/\/portrasdanoticia.com.br\/?p=1313#primaryimage\"},\"thumbnailUrl\":\"https:\/\/i0.wp.com\/portrasdanoticia.com.br\/wp-content\/uploads\/2024\/02\/29813-901467-2018-07-27-09-38-35.jpg?fit=950%2C535&ssl=1\",\"datePublished\":\"2024-02-21T13:45:29+00:00\",\"breadcrumb\":{\"@id\":\"https:\/\/portrasdanoticia.com.br\/?p=1313#breadcrumb\"},\"inLanguage\":\"pt-BR\",\"potentialAction\":[{\"@type\":\"ReadAction\",\"target\":[\"https:\/\/portrasdanoticia.com.br\/?p=1313\"]}]},{\"@type\":\"ImageObject\",\"inLanguage\":\"pt-BR\",\"@id\":\"https:\/\/portrasdanoticia.com.br\/?p=1313#primaryimage\",\"url\":\"https:\/\/i0.wp.com\/portrasdanoticia.com.br\/wp-content\/uploads\/2024\/02\/29813-901467-2018-07-27-09-38-35.jpg?fit=950%2C535&ssl=1\",\"contentUrl\":\"https:\/\/i0.wp.com\/portrasdanoticia.com.br\/wp-content\/uploads\/2024\/02\/29813-901467-2018-07-27-09-38-35.jpg?fit=950%2C535&ssl=1\",\"width\":950,\"height\":535,\"caption\":\"EDUCA\u00c7\u00c3O\"},{\"@type\":\"BreadcrumbList\",\"@id\":\"https:\/\/portrasdanoticia.com.br\/?p=1313#breadcrumb\",\"itemListElement\":[{\"@type\":\"ListItem\",\"position\":1,\"name\":\"In\u00edcio\",\"item\":\"https:\/\/portrasdanoticia.com.br\/\"},{\"@type\":\"ListItem\",\"position\":2,\"name\":\"Prefeito de Cairu reajusta sal\u00e1rios dos professores e dos servidores\"}]},{\"@type\":\"WebSite\",\"@id\":\"https:\/\/portrasdanoticia.com.br\/#website\",\"url\":\"https:\/\/portrasdanoticia.com.br\/\",\"name\":\"Por tr\u00e1s da Not\u00edcia\",\"description\":\"\",\"publisher\":{\"@id\":\"https:\/\/portrasdanoticia.com.br\/#organization\"},\"potentialAction\":[{\"@type\":\"SearchAction\",\"target\":{\"@type\":\"EntryPoint\",\"urlTemplate\":\"https:\/\/portrasdanoticia.com.br\/?s={search_term_string}\"},\"query-input\":{\"@type\":\"PropertyValueSpecification\",\"valueRequired\":true,\"valueName\":\"search_term_string\"}}],\"inLanguage\":\"pt-BR\"},{\"@type\":\"Organization\",\"@id\":\"https:\/\/portrasdanoticia.com.br\/#organization\",\"name\":\"Por tr\u00e1s da Not\u00edcia\",\"url\":\"https:\/\/portrasdanoticia.com.br\/\",\"logo\":{\"@type\":\"ImageObject\",\"inLanguage\":\"pt-BR\",\"@id\":\"https:\/\/portrasdanoticia.com.br\/#\/schema\/logo\/image\/\",\"url\":\"https:\/\/i0.wp.com\/portrasdanoticia.com.br\/wp-content\/uploads\/2024\/03\/cropped-photo_4911184121477311577_y.jpg?fit=975%2C367&ssl=1\",\"contentUrl\":\"https:\/\/i0.wp.com\/portrasdanoticia.com.br\/wp-content\/uploads\/2024\/03\/cropped-photo_4911184121477311577_y.jpg?fit=975%2C367&ssl=1\",\"width\":975,\"height\":367,\"caption\":\"Por tr\u00e1s da Not\u00edcia\"},\"image\":{\"@id\":\"https:\/\/portrasdanoticia.com.br\/#\/schema\/logo\/image\/\"}},{\"@type\":\"Person\",\"@id\":\"https:\/\/portrasdanoticia.com.br\/#\/schema\/person\/c82049a66889abc8daf6f947cd4e34f9\",\"name\":\"Colunista01\",\"image\":{\"@type\":\"ImageObject\",\"inLanguage\":\"pt-BR\",\"@id\":\"https:\/\/portrasdanoticia.com.br\/#\/schema\/person\/image\/\",\"url\":\"https:\/\/secure.gravatar.com\/avatar\/bbd2f0a69a82c93c144cbc2d621b8663?s=96&d=mm&r=g\",\"contentUrl\":\"https:\/\/secure.gravatar.com\/avatar\/bbd2f0a69a82c93c144cbc2d621b8663?s=96&d=mm&r=g\",\"caption\":\"Colunista01\"},\"sameAs\":[\"https:\/\/portrasdanoticia.com.br\/\"],\"url\":\"https:\/\/portrasdanoticia.com.br\/?author=4\"}]}<\/script>\n<!-- \/ Yoast SEO plugin. -->","yoast_head_json":{"title":"Prefeito de Cairu reajusta sal\u00e1rios dos professores e dos servidores - Por Tr\u00e1s da Not\u00edcia","robots":{"index":"index","follow":"follow","max-snippet":"max-snippet:-1","max-image-preview":"max-image-preview:large","max-video-preview":"max-video-preview:-1"},"canonical":"https:\/\/portrasdanoticia.com.br\/?p=1313","og_locale":"pt_BR","og_type":"article","og_title":"Prefeito de Cairu reajusta sal\u00e1rios dos professores e dos servidores - Por Tr\u00e1s da Not\u00edcia","og_description":"O prefeito de Cairu Hild\u00e9cio Meireles sancionou nesta segunda-feira (19) as leis que concedem reajustes salariais aos professores da Rede Municipal da Educa\u00e7\u00e3o e aos servidores em geral, exceto os agentes comunit\u00e1rios de sa\u00fade e endemias, enfermeiros, t\u00e9cnicos de enfermagem e cargos com vencimentos reajustado pelo sal\u00e1rio m\u00ednimo. O reajuste dos professores no Munic\u00edpio-Arquip\u00e9lago de...","og_url":"https:\/\/portrasdanoticia.com.br\/?p=1313","og_site_name":"Por Tr\u00e1s da Not\u00edcia","article_published_time":"2024-02-21T13:45:29+00:00","og_image":[{"width":950,"height":535,"url":"https:\/\/portrasdanoticia.com.br\/wp-content\/uploads\/2024\/02\/29813-901467-2018-07-27-09-38-35.jpg","type":"image\/jpeg"}],"author":"Colunista01","twitter_card":"summary_large_image","twitter_misc":{"Escrito por":"Colunista01","Est. tempo de leitura":"1 minuto"},"schema":{"@context":"https:\/\/schema.org","@graph":[{"@type":"Article","@id":"https:\/\/portrasdanoticia.com.br\/?p=1313#article","isPartOf":{"@id":"https:\/\/portrasdanoticia.com.br\/?p=1313"},"author":{"name":"Colunista01","@id":"https:\/\/portrasdanoticia.com.br\/#\/schema\/person\/c82049a66889abc8daf6f947cd4e34f9"},"headline":"Prefeito de Cairu reajusta sal\u00e1rios dos professores e dos servidores","datePublished":"2024-02-21T13:45:29+00:00","mainEntityOfPage":{"@id":"https:\/\/portrasdanoticia.com.br\/?p=1313"},"wordCount":140,"commentCount":0,"publisher":{"@id":"https:\/\/portrasdanoticia.com.br\/#organization"},"image":{"@id":"https:\/\/portrasdanoticia.com.br\/?p=1313#primaryimage"},"thumbnailUrl":"https:\/\/i0.wp.com\/portrasdanoticia.com.br\/wp-content\/uploads\/2024\/02\/29813-901467-2018-07-27-09-38-35.jpg?fit=950%2C535&ssl=1","articleSection":["Cairu"],"inLanguage":"pt-BR","potentialAction":[{"@type":"CommentAction","name":"Comment","target":["https:\/\/portrasdanoticia.com.br\/?p=1313#respond"]}]},{"@type":"WebPage","@id":"https:\/\/portrasdanoticia.com.br\/?p=1313","url":"https:\/\/portrasdanoticia.com.br\/?p=1313","name":"Prefeito de Cairu reajusta sal\u00e1rios dos professores e dos servidores - Por Tr\u00e1s da Not\u00edcia","isPartOf":{"@id":"https:\/\/portrasdanoticia.com.br\/#website"},"primaryImageOfPage":{"@id":"https:\/\/portrasdanoticia.com.br\/?p=1313#primaryimage"},"image":{"@id":"https:\/\/portrasdanoticia.com.br\/?p=1313#primaryimage"},"thumbnailUrl":"https:\/\/i0.wp.com\/portrasdanoticia.com.br\/wp-content\/uploads\/2024\/02\/29813-901467-2018-07-27-09-38-35.jpg?fit=950%2C535&ssl=1","datePublished":"2024-02-21T13:45:29+00:00","breadcrumb":{"@id":"https:\/\/portrasdanoticia.com.br\/?p=1313#breadcrumb"},"inLanguage":"pt-BR","potentialAction":[{"@type":"ReadAction","target":["https:\/\/portrasdanoticia.com.br\/?p=1313"]}]},{"@type":"ImageObject","inLanguage":"pt-BR","@id":"https:\/\/portrasdanoticia.com.br\/?p=1313#primaryimage","url":"https:\/\/i0.wp.com\/portrasdanoticia.com.br\/wp-content\/uploads\/2024\/02\/29813-901467-2018-07-27-09-38-35.jpg?fit=950%2C535&ssl=1","contentUrl":"https:\/\/i0.wp.com\/portrasdanoticia.com.br\/wp-content\/uploads\/2024\/02\/29813-901467-2018-07-27-09-38-35.jpg?fit=950%2C535&ssl=1","width":950,"height":535,"caption":"EDUCA\u00c7\u00c3O"},{"@type":"BreadcrumbList","@id":"https:\/\/portrasdanoticia.com.br\/?p=1313#breadcrumb","itemListElement":[{"@type":"ListItem","position":1,"name":"In\u00edcio","item":"https:\/\/portrasdanoticia.com.br\/"},{"@type":"ListItem","position":2,"name":"Prefeito de Cairu reajusta sal\u00e1rios dos professores e dos servidores"}]},{"@type":"WebSite","@id":"https:\/\/portrasdanoticia.com.br\/#website","url":"https:\/\/portrasdanoticia.com.br\/","name":"Por tr\u00e1s da Not\u00edcia","description":"","publisher":{"@id":"https:\/\/portrasdanoticia.com.br\/#organization"},"potentialAction":[{"@type":"SearchAction","target":{"@type":"EntryPoint","urlTemplate":"https:\/\/portrasdanoticia.com.br\/?s={search_term_string}"},"query-input":{"@type":"PropertyValueSpecification","valueRequired":true,"valueName":"search_term_string"}}],"inLanguage":"pt-BR"},{"@type":"Organization","@id":"https:\/\/portrasdanoticia.com.br\/#organization","name":"Por tr\u00e1s da Not\u00edcia","url":"https:\/\/portrasdanoticia.com.br\/","logo":{"@type":"ImageObject","inLanguage":"pt-BR","@id":"https:\/\/portrasdanoticia.com.br\/#\/schema\/logo\/image\/","url":"https:\/\/i0.wp.com\/portrasdanoticia.com.br\/wp-content\/uploads\/2024\/03\/cropped-photo_4911184121477311577_y.jpg?fit=975%2C367&ssl=1","contentUrl":"https:\/\/i0.wp.com\/portrasdanoticia.com.br\/wp-content\/uploads\/2024\/03\/cropped-photo_4911184121477311577_y.jpg?fit=975%2C367&ssl=1","width":975,"height":367,"caption":"Por tr\u00e1s da Not\u00edcia"},"image":{"@id":"https:\/\/portrasdanoticia.com.br\/#\/schema\/logo\/image\/"}},{"@type":"Person","@id":"https:\/\/portrasdanoticia.com.br\/#\/schema\/person\/c82049a66889abc8daf6f947cd4e34f9","name":"Colunista01","image":{"@type":"ImageObject","inLanguage":"pt-BR","@id":"https:\/\/portrasdanoticia.com.br\/#\/schema\/person\/image\/","url":"https:\/\/secure.gravatar.com\/avatar\/bbd2f0a69a82c93c144cbc2d621b8663?s=96&d=mm&r=g","contentUrl":"https:\/\/secure.gravatar.com\/avatar\/bbd2f0a69a82c93c144cbc2d621b8663?s=96&d=mm&r=g","caption":"Colunista01"},"sameAs":["https:\/\/portrasdanoticia.com.br\/"],"url":"https:\/\/portrasdanoticia.com.br\/?author=4"}]}},"jetpack_sharing_enabled":true,"jetpack_featured_media_url":"https:\/\/i0.wp.com\/portrasdanoticia.com.br\/wp-content\/uploads\/2024\/02\/29813-901467-2018-07-27-09-38-35.jpg?fit=950%2C535&ssl=1","_links":{"self":[{"href":"https:\/\/portrasdanoticia.com.br\/index.php?rest_route=\/wp\/v2\/posts\/1313","targetHints":{"allow":["GET"]}}],"collection":[{"href":"https:\/\/portrasdanoticia.com.br\/index.php?rest_route=\/wp\/v2\/posts"}],"about":[{"href":"https:\/\/portrasdanoticia.com.br\/index.php?rest_route=\/wp\/v2\/types\/post"}],"author":[{"embeddable":true,"href":"https:\/\/portrasdanoticia.com.br\/index.php?rest_route=\/wp\/v2\/users\/4"}],"replies":[{"embeddable":true,"href":"https:\/\/portrasdanoticia.com.br\/index.php?rest_route=%2Fwp%2Fv2%2Fcomments&post=1313"}],"version-history":[{"count":1,"href":"https:\/\/portrasdanoticia.com.br\/index.php?rest_route=\/wp\/v2\/posts\/1313\/revisions"}],"predecessor-version":[{"id":1316,"href":"https:\/\/portrasdanoticia.com.br\/index.php?rest_route=\/wp\/v2\/posts\/1313\/revisions\/1316"}],"wp:featuredmedia":[{"embeddable":true,"href":"https:\/\/portrasdanoticia.com.br\/index.php?rest_route=\/wp\/v2\/media\/1314"}],"wp:attachment":[{"href":"https:\/\/portrasdanoticia.com.br\/index.php?rest_route=%2Fwp%2Fv2%2Fmedia&parent=1313"}],"wp:term":[{"taxonomy":"category","embeddable":true,"href":"https:\/\/portrasdanoticia.com.br\/index.php?rest_route=%2Fwp%2Fv2%2Fcategories&post=1313"},{"taxonomy":"post_tag","embeddable":true,"href":"https:\/\/portrasdanoticia.com.br\/index.php?rest_route=%2Fwp%2Fv2%2Ftags&post=1313"}],"curies":[{"name":"wp","href":"https:\/\/api.w.org\/{rel}","templated":true}]}}