{"id":1415,"date":"2024-02-25T13:24:24","date_gmt":"2024-02-25T16:24:24","guid":{"rendered":"https:\/\/portrasdanoticia.com.br\/?p=1415"},"modified":"2024-02-25T13:30:29","modified_gmt":"2024-02-25T16:30:29","slug":"a-pipoca-do-thico-iniciou-com-sucesso-na-praia-de-guaibim-no-restaurante-de-jivanete-com-participacao-do-renomado-coreografo-thiago-mascarenhas","status":"publish","type":"post","link":"https:\/\/portrasdanoticia.com.br\/?p=1415","title":{"rendered":"A Pipoca do THICO Iniciou com Sucesso na Praia de Guaibim, no Restaurante de Jivanete, com Participa\u00e7\u00e3o do Renomado Core\u00f3grafo Thiago Mascarenhas"},"content":{"rendered":"\n<p>Na ensolarada tarde de domingo, a Praia de Guaibim ganhou vida com o lan\u00e7amento da \u201cPipoca do THICO\u201d. O aguardado evento, que promete ser um marco cultural na regi\u00e3o, teve in\u00edcio no restaurante de Jivanete, e contou com a brilhante presen\u00e7a do talentoso cole\u00f3grafo e bailarino, Thiago Mascarenhas.<\/p>\n\n\n\n<p>Sob um c\u00e9u azul e a brisa do mar como cen\u00e1rio, a Pipoca do THICO encantou os presentes com uma fus\u00e3o vibrante de m\u00fasica, dan\u00e7a e cultura. Thiago Mascarenhas, conhecido por suas performances envolventes, liderou o evento com maestria, trazendo sua energia contagiante para o p\u00fablico presente.<\/p>\n\n\n\n<p>O ambiente descontra\u00eddo do restaurante de Jivanete proporcionou o cen\u00e1rio perfeito para o encontro de amantes da arte e apreciadores da boa m\u00fasica. Os espectadores foram cativados por uma variedade de estilos de dan\u00e7a e coreografias, demonstrando a diversidade e o talento do universo art\u00edstico local.<\/p>\n\n\n\n<p>\u201cEstou emocionado em fazer parte desse momento \u00fanico aqui em Guaibim\u201d. A Pipoca do THICO \u00e9 mais do que um evento, \u00e9 uma celebra\u00e7\u00e3o da cultura e da comunidade\u201d, compartilhou Thiago Mascarenhas durante uma pausa entre as performances.<\/p>\n\n\n\n<p><\/p>\n\n\n\n<p><\/p>\n\n\n\n<p><\/p>\n","protected":false},"excerpt":{"rendered":"<p>Na ensolarada tarde de domingo, a Praia de Guaibim ganhou vida com o lan\u00e7amento da \u201cPipoca do THICO\u201d. O aguardado evento, que promete ser um marco cultural na regi\u00e3o, teve in\u00edcio no restaurante de Jivanete, e contou com a brilhante presen\u00e7a do talentoso cole\u00f3grafo e bailarino, Thiago Mascarenhas. Sob um c\u00e9u azul e a brisa&#8230;<\/p>\n","protected":false},"author":4,"featured_media":1416,"comment_status":"open","ping_status":"open","sticky":false,"template":"","format":"standard","meta":{"_jetpack_memberships_contains_paid_content":false,"footnotes":""},"categories":[1],"tags":[],"class_list":["post-1415","post","type-post","status-publish","format-standard","has-post-thumbnail","hentry","category-turismo"],"yoast_head":"<!-- This site is optimized with the Yoast SEO plugin v26.8 - https:\/\/yoast.com\/product\/yoast-seo-wordpress\/ -->\n<title>A Pipoca do THICO Iniciou com Sucesso na Praia de Guaibim, no Restaurante de Jivanete, com Participa\u00e7\u00e3o do Renomado Core\u00f3grafo Thiago Mascarenhas - Por Tr\u00e1s da Not\u00edcia<\/title>\n<meta name=\"robots\" content=\"index, follow, max-snippet:-1, max-image-preview:large, max-video-preview:-1\" \/>\n<link rel=\"canonical\" href=\"https:\/\/portrasdanoticia.com.br\/?p=1415\" \/>\n<meta property=\"og:locale\" content=\"pt_BR\" \/>\n<meta property=\"og:type\" content=\"article\" \/>\n<meta property=\"og:title\" content=\"A Pipoca do THICO Iniciou com Sucesso na Praia de Guaibim, no Restaurante de Jivanete, com Participa\u00e7\u00e3o do Renomado Core\u00f3grafo Thiago Mascarenhas - Por Tr\u00e1s da Not\u00edcia\" \/>\n<meta property=\"og:description\" content=\"Na ensolarada tarde de domingo, a Praia de Guaibim ganhou vida com o lan\u00e7amento da \u201cPipoca do THICO\u201d. O aguardado evento, que promete ser um marco cultural na regi\u00e3o, teve in\u00edcio no restaurante de Jivanete, e contou com a brilhante presen\u00e7a do talentoso cole\u00f3grafo e bailarino, Thiago Mascarenhas. Sob um c\u00e9u azul e a brisa...\" \/>\n<meta property=\"og:url\" content=\"https:\/\/portrasdanoticia.com.br\/?p=1415\" \/>\n<meta property=\"og:site_name\" content=\"Por Tr\u00e1s da Not\u00edcia\" \/>\n<meta property=\"article:published_time\" content=\"2024-02-25T16:24:24+00:00\" \/>\n<meta property=\"article:modified_time\" content=\"2024-02-25T16:30:29+00:00\" \/>\n<meta property=\"og:image\" content=\"https:\/\/portrasdanoticia.com.br\/wp-content\/uploads\/2024\/02\/IMG_2879-scaled.jpeg\" \/>\n\t<meta property=\"og:image:width\" content=\"2560\" \/>\n\t<meta property=\"og:image:height\" content=\"1920\" \/>\n\t<meta property=\"og:image:type\" content=\"image\/jpeg\" \/>\n<meta name=\"author\" content=\"Colunista01\" \/>\n<meta name=\"twitter:card\" content=\"summary_large_image\" \/>\n<meta name=\"twitter:label1\" content=\"Escrito por\" \/>\n\t<meta name=\"twitter:data1\" content=\"Colunista01\" \/>\n\t<meta name=\"twitter:label2\" content=\"Est. tempo de leitura\" \/>\n\t<meta name=\"twitter:data2\" content=\"1 minuto\" \/>\n<script type=\"application\/ld+json\" class=\"yoast-schema-graph\">{\"@context\":\"https:\/\/schema.org\",\"@graph\":[{\"@type\":\"Article\",\"@id\":\"https:\/\/portrasdanoticia.com.br\/?p=1415#article\",\"isPartOf\":{\"@id\":\"https:\/\/portrasdanoticia.com.br\/?p=1415\"},\"author\":{\"name\":\"Colunista01\",\"@id\":\"https:\/\/portrasdanoticia.com.br\/#\/schema\/person\/c82049a66889abc8daf6f947cd4e34f9\"},\"headline\":\"A Pipoca do THICO Iniciou com Sucesso na Praia de Guaibim, no Restaurante de Jivanete, com Participa\u00e7\u00e3o do Renomado Core\u00f3grafo Thiago Mascarenhas\",\"datePublished\":\"2024-02-25T16:24:24+00:00\",\"dateModified\":\"2024-02-25T16:30:29+00:00\",\"mainEntityOfPage\":{\"@id\":\"https:\/\/portrasdanoticia.com.br\/?p=1415\"},\"wordCount\":218,\"commentCount\":0,\"publisher\":{\"@id\":\"https:\/\/portrasdanoticia.com.br\/#organization\"},\"image\":{\"@id\":\"https:\/\/portrasdanoticia.com.br\/?p=1415#primaryimage\"},\"thumbnailUrl\":\"https:\/\/i0.wp.com\/portrasdanoticia.com.br\/wp-content\/uploads\/2024\/02\/IMG_2879-scaled.jpeg?fit=2560%2C1920&ssl=1\",\"articleSection\":[\"Turismo\"],\"inLanguage\":\"pt-BR\",\"potentialAction\":[{\"@type\":\"CommentAction\",\"name\":\"Comment\",\"target\":[\"https:\/\/portrasdanoticia.com.br\/?p=1415#respond\"]}]},{\"@type\":\"WebPage\",\"@id\":\"https:\/\/portrasdanoticia.com.br\/?p=1415\",\"url\":\"https:\/\/portrasdanoticia.com.br\/?p=1415\",\"name\":\"A Pipoca do THICO Iniciou com Sucesso na Praia de Guaibim, no Restaurante de Jivanete, com Participa\u00e7\u00e3o do Renomado Core\u00f3grafo Thiago Mascarenhas - Por Tr\u00e1s da Not\u00edcia\",\"isPartOf\":{\"@id\":\"https:\/\/portrasdanoticia.com.br\/#website\"},\"primaryImageOfPage\":{\"@id\":\"https:\/\/portrasdanoticia.com.br\/?p=1415#primaryimage\"},\"image\":{\"@id\":\"https:\/\/portrasdanoticia.com.br\/?p=1415#primaryimage\"},\"thumbnailUrl\":\"https:\/\/i0.wp.com\/portrasdanoticia.com.br\/wp-content\/uploads\/2024\/02\/IMG_2879-scaled.jpeg?fit=2560%2C1920&ssl=1\",\"datePublished\":\"2024-02-25T16:24:24+00:00\",\"dateModified\":\"2024-02-25T16:30:29+00:00\",\"breadcrumb\":{\"@id\":\"https:\/\/portrasdanoticia.com.br\/?p=1415#breadcrumb\"},\"inLanguage\":\"pt-BR\",\"potentialAction\":[{\"@type\":\"ReadAction\",\"target\":[\"https:\/\/portrasdanoticia.com.br\/?p=1415\"]}]},{\"@type\":\"ImageObject\",\"inLanguage\":\"pt-BR\",\"@id\":\"https:\/\/portrasdanoticia.com.br\/?p=1415#primaryimage\",\"url\":\"https:\/\/i0.wp.com\/portrasdanoticia.com.br\/wp-content\/uploads\/2024\/02\/IMG_2879-scaled.jpeg?fit=2560%2C1920&ssl=1\",\"contentUrl\":\"https:\/\/i0.wp.com\/portrasdanoticia.com.br\/wp-content\/uploads\/2024\/02\/IMG_2879-scaled.jpeg?fit=2560%2C1920&ssl=1\",\"width\":2560,\"height\":1920},{\"@type\":\"BreadcrumbList\",\"@id\":\"https:\/\/portrasdanoticia.com.br\/?p=1415#breadcrumb\",\"itemListElement\":[{\"@type\":\"ListItem\",\"position\":1,\"name\":\"In\u00edcio\",\"item\":\"https:\/\/portrasdanoticia.com.br\/\"},{\"@type\":\"ListItem\",\"position\":2,\"name\":\"A Pipoca do THICO Iniciou com Sucesso na Praia de Guaibim, no Restaurante de Jivanete, com Participa\u00e7\u00e3o do Renomado Core\u00f3grafo Thiago Mascarenhas\"}]},{\"@type\":\"WebSite\",\"@id\":\"https:\/\/portrasdanoticia.com.br\/#website\",\"url\":\"https:\/\/portrasdanoticia.com.br\/\",\"name\":\"Por tr\u00e1s da Not\u00edcia\",\"description\":\"\",\"publisher\":{\"@id\":\"https:\/\/portrasdanoticia.com.br\/#organization\"},\"potentialAction\":[{\"@type\":\"SearchAction\",\"target\":{\"@type\":\"EntryPoint\",\"urlTemplate\":\"https:\/\/portrasdanoticia.com.br\/?s={search_term_string}\"},\"query-input\":{\"@type\":\"PropertyValueSpecification\",\"valueRequired\":true,\"valueName\":\"search_term_string\"}}],\"inLanguage\":\"pt-BR\"},{\"@type\":\"Organization\",\"@id\":\"https:\/\/portrasdanoticia.com.br\/#organization\",\"name\":\"Por tr\u00e1s da Not\u00edcia\",\"url\":\"https:\/\/portrasdanoticia.com.br\/\",\"logo\":{\"@type\":\"ImageObject\",\"inLanguage\":\"pt-BR\",\"@id\":\"https:\/\/portrasdanoticia.com.br\/#\/schema\/logo\/image\/\",\"url\":\"https:\/\/i0.wp.com\/portrasdanoticia.com.br\/wp-content\/uploads\/2024\/03\/cropped-photo_4911184121477311577_y.jpg?fit=975%2C367&ssl=1\",\"contentUrl\":\"https:\/\/i0.wp.com\/portrasdanoticia.com.br\/wp-content\/uploads\/2024\/03\/cropped-photo_4911184121477311577_y.jpg?fit=975%2C367&ssl=1\",\"width\":975,\"height\":367,\"caption\":\"Por tr\u00e1s da Not\u00edcia\"},\"image\":{\"@id\":\"https:\/\/portrasdanoticia.com.br\/#\/schema\/logo\/image\/\"}},{\"@type\":\"Person\",\"@id\":\"https:\/\/portrasdanoticia.com.br\/#\/schema\/person\/c82049a66889abc8daf6f947cd4e34f9\",\"name\":\"Colunista01\",\"image\":{\"@type\":\"ImageObject\",\"inLanguage\":\"pt-BR\",\"@id\":\"https:\/\/portrasdanoticia.com.br\/#\/schema\/person\/image\/\",\"url\":\"https:\/\/secure.gravatar.com\/avatar\/bbd2f0a69a82c93c144cbc2d621b8663?s=96&d=mm&r=g\",\"contentUrl\":\"https:\/\/secure.gravatar.com\/avatar\/bbd2f0a69a82c93c144cbc2d621b8663?s=96&d=mm&r=g\",\"caption\":\"Colunista01\"},\"sameAs\":[\"https:\/\/portrasdanoticia.com.br\/\"],\"url\":\"https:\/\/portrasdanoticia.com.br\/?author=4\"}]}<\/script>\n<!-- \/ Yoast SEO plugin. -->","yoast_head_json":{"title":"A Pipoca do THICO Iniciou com Sucesso na Praia de Guaibim, no Restaurante de Jivanete, com Participa\u00e7\u00e3o do Renomado Core\u00f3grafo Thiago Mascarenhas - Por Tr\u00e1s da Not\u00edcia","robots":{"index":"index","follow":"follow","max-snippet":"max-snippet:-1","max-image-preview":"max-image-preview:large","max-video-preview":"max-video-preview:-1"},"canonical":"https:\/\/portrasdanoticia.com.br\/?p=1415","og_locale":"pt_BR","og_type":"article","og_title":"A Pipoca do THICO Iniciou com Sucesso na Praia de Guaibim, no Restaurante de Jivanete, com Participa\u00e7\u00e3o do Renomado Core\u00f3grafo Thiago Mascarenhas - Por Tr\u00e1s da Not\u00edcia","og_description":"Na ensolarada tarde de domingo, a Praia de Guaibim ganhou vida com o lan\u00e7amento da \u201cPipoca do THICO\u201d. O aguardado evento, que promete ser um marco cultural na regi\u00e3o, teve in\u00edcio no restaurante de Jivanete, e contou com a brilhante presen\u00e7a do talentoso cole\u00f3grafo e bailarino, Thiago Mascarenhas. Sob um c\u00e9u azul e a brisa...","og_url":"https:\/\/portrasdanoticia.com.br\/?p=1415","og_site_name":"Por Tr\u00e1s da Not\u00edcia","article_published_time":"2024-02-25T16:24:24+00:00","article_modified_time":"2024-02-25T16:30:29+00:00","og_image":[{"width":2560,"height":1920,"url":"https:\/\/portrasdanoticia.com.br\/wp-content\/uploads\/2024\/02\/IMG_2879-scaled.jpeg","type":"image\/jpeg"}],"author":"Colunista01","twitter_card":"summary_large_image","twitter_misc":{"Escrito por":"Colunista01","Est. tempo de leitura":"1 minuto"},"schema":{"@context":"https:\/\/schema.org","@graph":[{"@type":"Article","@id":"https:\/\/portrasdanoticia.com.br\/?p=1415#article","isPartOf":{"@id":"https:\/\/portrasdanoticia.com.br\/?p=1415"},"author":{"name":"Colunista01","@id":"https:\/\/portrasdanoticia.com.br\/#\/schema\/person\/c82049a66889abc8daf6f947cd4e34f9"},"headline":"A Pipoca do THICO Iniciou com Sucesso na Praia de Guaibim, no Restaurante de Jivanete, com Participa\u00e7\u00e3o do Renomado Core\u00f3grafo Thiago Mascarenhas","datePublished":"2024-02-25T16:24:24+00:00","dateModified":"2024-02-25T16:30:29+00:00","mainEntityOfPage":{"@id":"https:\/\/portrasdanoticia.com.br\/?p=1415"},"wordCount":218,"commentCount":0,"publisher":{"@id":"https:\/\/portrasdanoticia.com.br\/#organization"},"image":{"@id":"https:\/\/portrasdanoticia.com.br\/?p=1415#primaryimage"},"thumbnailUrl":"https:\/\/i0.wp.com\/portrasdanoticia.com.br\/wp-content\/uploads\/2024\/02\/IMG_2879-scaled.jpeg?fit=2560%2C1920&ssl=1","articleSection":["Turismo"],"inLanguage":"pt-BR","potentialAction":[{"@type":"CommentAction","name":"Comment","target":["https:\/\/portrasdanoticia.com.br\/?p=1415#respond"]}]},{"@type":"WebPage","@id":"https:\/\/portrasdanoticia.com.br\/?p=1415","url":"https:\/\/portrasdanoticia.com.br\/?p=1415","name":"A Pipoca do THICO Iniciou com Sucesso na Praia de Guaibim, no Restaurante de Jivanete, com Participa\u00e7\u00e3o do Renomado Core\u00f3grafo Thiago Mascarenhas - Por Tr\u00e1s da Not\u00edcia","isPartOf":{"@id":"https:\/\/portrasdanoticia.com.br\/#website"},"primaryImageOfPage":{"@id":"https:\/\/portrasdanoticia.com.br\/?p=1415#primaryimage"},"image":{"@id":"https:\/\/portrasdanoticia.com.br\/?p=1415#primaryimage"},"thumbnailUrl":"https:\/\/i0.wp.com\/portrasdanoticia.com.br\/wp-content\/uploads\/2024\/02\/IMG_2879-scaled.jpeg?fit=2560%2C1920&ssl=1","datePublished":"2024-02-25T16:24:24+00:00","dateModified":"2024-02-25T16:30:29+00:00","breadcrumb":{"@id":"https:\/\/portrasdanoticia.com.br\/?p=1415#breadcrumb"},"inLanguage":"pt-BR","potentialAction":[{"@type":"ReadAction","target":["https:\/\/portrasdanoticia.com.br\/?p=1415"]}]},{"@type":"ImageObject","inLanguage":"pt-BR","@id":"https:\/\/portrasdanoticia.com.br\/?p=1415#primaryimage","url":"https:\/\/i0.wp.com\/portrasdanoticia.com.br\/wp-content\/uploads\/2024\/02\/IMG_2879-scaled.jpeg?fit=2560%2C1920&ssl=1","contentUrl":"https:\/\/i0.wp.com\/portrasdanoticia.com.br\/wp-content\/uploads\/2024\/02\/IMG_2879-scaled.jpeg?fit=2560%2C1920&ssl=1","width":2560,"height":1920},{"@type":"BreadcrumbList","@id":"https:\/\/portrasdanoticia.com.br\/?p=1415#breadcrumb","itemListElement":[{"@type":"ListItem","position":1,"name":"In\u00edcio","item":"https:\/\/portrasdanoticia.com.br\/"},{"@type":"ListItem","position":2,"name":"A Pipoca do THICO Iniciou com Sucesso na Praia de Guaibim, no Restaurante de Jivanete, com Participa\u00e7\u00e3o do Renomado Core\u00f3grafo Thiago Mascarenhas"}]},{"@type":"WebSite","@id":"https:\/\/portrasdanoticia.com.br\/#website","url":"https:\/\/portrasdanoticia.com.br\/","name":"Por tr\u00e1s da Not\u00edcia","description":"","publisher":{"@id":"https:\/\/portrasdanoticia.com.br\/#organization"},"potentialAction":[{"@type":"SearchAction","target":{"@type":"EntryPoint","urlTemplate":"https:\/\/portrasdanoticia.com.br\/?s={search_term_string}"},"query-input":{"@type":"PropertyValueSpecification","valueRequired":true,"valueName":"search_term_string"}}],"inLanguage":"pt-BR"},{"@type":"Organization","@id":"https:\/\/portrasdanoticia.com.br\/#organization","name":"Por tr\u00e1s da Not\u00edcia","url":"https:\/\/portrasdanoticia.com.br\/","logo":{"@type":"ImageObject","inLanguage":"pt-BR","@id":"https:\/\/portrasdanoticia.com.br\/#\/schema\/logo\/image\/","url":"https:\/\/i0.wp.com\/portrasdanoticia.com.br\/wp-content\/uploads\/2024\/03\/cropped-photo_4911184121477311577_y.jpg?fit=975%2C367&ssl=1","contentUrl":"https:\/\/i0.wp.com\/portrasdanoticia.com.br\/wp-content\/uploads\/2024\/03\/cropped-photo_4911184121477311577_y.jpg?fit=975%2C367&ssl=1","width":975,"height":367,"caption":"Por tr\u00e1s da Not\u00edcia"},"image":{"@id":"https:\/\/portrasdanoticia.com.br\/#\/schema\/logo\/image\/"}},{"@type":"Person","@id":"https:\/\/portrasdanoticia.com.br\/#\/schema\/person\/c82049a66889abc8daf6f947cd4e34f9","name":"Colunista01","image":{"@type":"ImageObject","inLanguage":"pt-BR","@id":"https:\/\/portrasdanoticia.com.br\/#\/schema\/person\/image\/","url":"https:\/\/secure.gravatar.com\/avatar\/bbd2f0a69a82c93c144cbc2d621b8663?s=96&d=mm&r=g","contentUrl":"https:\/\/secure.gravatar.com\/avatar\/bbd2f0a69a82c93c144cbc2d621b8663?s=96&d=mm&r=g","caption":"Colunista01"},"sameAs":["https:\/\/portrasdanoticia.com.br\/"],"url":"https:\/\/portrasdanoticia.com.br\/?author=4"}]}},"jetpack_sharing_enabled":true,"jetpack_featured_media_url":"https:\/\/i0.wp.com\/portrasdanoticia.com.br\/wp-content\/uploads\/2024\/02\/IMG_2879-scaled.jpeg?fit=2560%2C1920&ssl=1","_links":{"self":[{"href":"https:\/\/portrasdanoticia.com.br\/index.php?rest_route=\/wp\/v2\/posts\/1415","targetHints":{"allow":["GET"]}}],"collection":[{"href":"https:\/\/portrasdanoticia.com.br\/index.php?rest_route=\/wp\/v2\/posts"}],"about":[{"href":"https:\/\/portrasdanoticia.com.br\/index.php?rest_route=\/wp\/v2\/types\/post"}],"author":[{"embeddable":true,"href":"https:\/\/portrasdanoticia.com.br\/index.php?rest_route=\/wp\/v2\/users\/4"}],"replies":[{"embeddable":true,"href":"https:\/\/portrasdanoticia.com.br\/index.php?rest_route=%2Fwp%2Fv2%2Fcomments&post=1415"}],"version-history":[{"count":2,"href":"https:\/\/portrasdanoticia.com.br\/index.php?rest_route=\/wp\/v2\/posts\/1415\/revisions"}],"predecessor-version":[{"id":1421,"href":"https:\/\/portrasdanoticia.com.br\/index.php?rest_route=\/wp\/v2\/posts\/1415\/revisions\/1421"}],"wp:featuredmedia":[{"embeddable":true,"href":"https:\/\/portrasdanoticia.com.br\/index.php?rest_route=\/wp\/v2\/media\/1416"}],"wp:attachment":[{"href":"https:\/\/portrasdanoticia.com.br\/index.php?rest_route=%2Fwp%2Fv2%2Fmedia&parent=1415"}],"wp:term":[{"taxonomy":"category","embeddable":true,"href":"https:\/\/portrasdanoticia.com.br\/index.php?rest_route=%2Fwp%2Fv2%2Fcategories&post=1415"},{"taxonomy":"post_tag","embeddable":true,"href":"https:\/\/portrasdanoticia.com.br\/index.php?rest_route=%2Fwp%2Fv2%2Ftags&post=1415"}],"curies":[{"name":"wp","href":"https:\/\/api.w.org\/{rel}","templated":true}]}}