{"id":2862,"date":"2024-05-29T11:03:32","date_gmt":"2024-05-29T14:03:32","guid":{"rendered":"https:\/\/portrasdanoticia.com.br\/?p=2862"},"modified":"2024-05-29T11:03:34","modified_gmt":"2024-05-29T14:03:34","slug":"com-festejos-em-tres-pontos-da-cidade-governo-promove-o-maior-sao-joao-da-capital-baiana","status":"publish","type":"post","link":"https:\/\/portrasdanoticia.com.br\/?p=2862","title":{"rendered":"Com festejos em tr\u00eas pontos da cidade, Governo promove o maior S\u00e3o Jo\u00e3o da capital baiana"},"content":{"rendered":"\n<p>Mais uma vez, o Governo do Estado est\u00e1 transformando Salvador no maior arrai\u00e1 do Brasil durante o S\u00e3o Jo\u00e3o da Bahia 2024, com festas no Parque de Exposi\u00e7\u00f5es, no Pelourinho e em Paripe, no Sub\u00farbio Ferrovi\u00e1rio. Durante todo o m\u00eas de junho, at\u00e9 o dia 2 de julho, al\u00e9m das atra\u00e7\u00f5es de proje\u00e7\u00e3o nacional e regional, o Governo tamb\u00e9m apresenta eventos culturais em bibliotecas e centros sociais urbanos, garantindo a infraestrutura necess\u00e1ria para a realiza\u00e7\u00e3o das festas atrav\u00e9s das secretarias estaduais e respectivos \u00f3rg\u00e3os.<\/p>\n\n\n\n<p>Com programa\u00e7\u00e3o extensa e diversificada, as festas contar\u00e3o com shows de grandes artistas. As atra\u00e7\u00f5es foram anunciadas pelo governador Jer\u00f4nimo Rodrigues, nesta ter\u00e7a-feira (28), durante evento realizado no Parque de Exposi\u00e7\u00f5es. Na ocasi\u00e3o Jer\u00f4nimo enfatizou os esfor\u00e7os do Estado para garantir a alegria da festa, que extrapola o Carnaval, j\u00e1 que muitos munic\u00edpios t\u00eam a tradi\u00e7\u00e3o da festa junina.<\/p>\n\n\n\n<p>\u201cEm quase todos os munic\u00edpios tem alguma anima\u00e7\u00e3o, tem ainda aquelas cidades que s\u00e3o consideradas mais tur\u00edsticas e que tem as festas famosas. E independente de recursos ou edital para a parte estrutural, a Seguran\u00e7a est\u00e1 garantida em todos os munic\u00edpios, durante todos os dias, de acordo com a programa\u00e7\u00e3o de cada um; na \u00e1rea da Sa\u00fade, da mesma forma, n\u00f3s manteremos o padr\u00e3o da presta\u00e7\u00e3o de servi\u00e7o e ampliaremos a quantidade de plant\u00f5es, justamente naquelas cidades onde a concentra\u00e7\u00e3o de gente \u00e9 maior\u201d, pontuou o governador.<\/p>\n\n\n\n<p>No\u00a0<a href=\"https:\/\/www.comunicacao.ba.gov.br\/2024\/05\/noticias\/governo-do-estado-amplia-festejos-juninos-no-parque-de-exposicoes-que-tera-12-dias-de-shows\/\">Parque de Exposi\u00e7\u00f5es<\/a>, uma grande estrutura ser\u00e1 montada para a realiza\u00e7\u00e3o da festa em tr\u00eas etapas: de 13 a 15 de junho; de 21 a 24, e de 28 de junho a 2 de julho. Nomes como Luan Santana, Ana Castela, Simone Mendes, Maiara e Mara\u00edsa, Heitor Costa, Wesley Safad\u00e3o, Luiz Caldas, Daniela Mercury, Bell Marques, Timbalada, Durval Lelys, Manu Bahtid\u00e3o, Henry Freitas, Parangol\u00e9, Psirico, Silvanno Salles, Felipe Amorim, Iguinho e Lulinha. Al\u00e9m de outros famosos, como Fl\u00e1vio Jos\u00e9, Tarc\u00edsio do Acordeon, Nattan, Mari Fernandez, Solange Almeida, Xand Avi\u00e3o, Adelm\u00e1rio Coelho, Jo\u00e3o Gomes, Thiago Aquino, Dorgival Dantas, Diego e Vitor Hugo, Calcinha Preta, L\u00e9o Santana, Estakazero, Nadson O Ferinha e Pablo, que prometem agitar o p\u00fablico.<\/p>\n\n\n\n<p><\/p>\n","protected":false},"excerpt":{"rendered":"<p>Mais uma vez, o Governo do Estado est\u00e1 transformando Salvador no maior arrai\u00e1 do Brasil durante o S\u00e3o Jo\u00e3o da Bahia 2024, com festas no Parque de Exposi\u00e7\u00f5es, no Pelourinho e em Paripe, no Sub\u00farbio Ferrovi\u00e1rio. Durante todo o m\u00eas de junho, at\u00e9 o dia 2 de julho, al\u00e9m das atra\u00e7\u00f5es de proje\u00e7\u00e3o nacional e&#8230;<\/p>\n","protected":false},"author":4,"featured_media":2863,"comment_status":"open","ping_status":"open","sticky":false,"template":"","format":"standard","meta":{"_jetpack_memberships_contains_paid_content":false,"footnotes":""},"categories":[4],"tags":[],"class_list":["post-2862","post","type-post","status-publish","format-standard","has-post-thumbnail","hentry","category-entretenimento"],"yoast_head":"<!-- This site is optimized with the Yoast SEO plugin v26.8 - https:\/\/yoast.com\/product\/yoast-seo-wordpress\/ -->\n<title>Com festejos em tr\u00eas pontos da cidade, Governo promove o maior S\u00e3o Jo\u00e3o da capital baiana - Por Tr\u00e1s da Not\u00edcia<\/title>\n<meta name=\"robots\" content=\"index, follow, max-snippet:-1, max-image-preview:large, max-video-preview:-1\" \/>\n<link rel=\"canonical\" href=\"https:\/\/portrasdanoticia.com.br\/?p=2862\" \/>\n<meta property=\"og:locale\" content=\"pt_BR\" \/>\n<meta property=\"og:type\" content=\"article\" \/>\n<meta property=\"og:title\" content=\"Com festejos em tr\u00eas pontos da cidade, Governo promove o maior S\u00e3o Jo\u00e3o da capital baiana - Por Tr\u00e1s da Not\u00edcia\" \/>\n<meta property=\"og:description\" content=\"Mais uma vez, o Governo do Estado est\u00e1 transformando Salvador no maior arrai\u00e1 do Brasil durante o S\u00e3o Jo\u00e3o da Bahia 2024, com festas no Parque de Exposi\u00e7\u00f5es, no Pelourinho e em Paripe, no Sub\u00farbio Ferrovi\u00e1rio. Durante todo o m\u00eas de junho, at\u00e9 o dia 2 de julho, al\u00e9m das atra\u00e7\u00f5es de proje\u00e7\u00e3o nacional e...\" \/>\n<meta property=\"og:url\" content=\"https:\/\/portrasdanoticia.com.br\/?p=2862\" \/>\n<meta property=\"og:site_name\" content=\"Por Tr\u00e1s da Not\u00edcia\" \/>\n<meta property=\"article:published_time\" content=\"2024-05-29T14:03:32+00:00\" \/>\n<meta property=\"article:modified_time\" content=\"2024-05-29T14:03:34+00:00\" \/>\n<meta property=\"og:image\" content=\"http:\/\/portrasdanoticia.com.br\/wp-content\/uploads\/2024\/05\/WhatsApp-Image-2024-05-28-at-19.46.04-900x632-1.jpeg\" \/>\n\t<meta property=\"og:image:width\" content=\"900\" \/>\n\t<meta property=\"og:image:height\" content=\"632\" \/>\n\t<meta property=\"og:image:type\" content=\"image\/jpeg\" \/>\n<meta name=\"author\" content=\"Colunista01\" \/>\n<meta name=\"twitter:card\" content=\"summary_large_image\" \/>\n<meta name=\"twitter:label1\" content=\"Escrito por\" \/>\n\t<meta name=\"twitter:data1\" content=\"Colunista01\" \/>\n\t<meta name=\"twitter:label2\" content=\"Est. tempo de leitura\" \/>\n\t<meta name=\"twitter:data2\" content=\"3 minutos\" \/>\n<script type=\"application\/ld+json\" class=\"yoast-schema-graph\">{\"@context\":\"https:\/\/schema.org\",\"@graph\":[{\"@type\":\"Article\",\"@id\":\"https:\/\/portrasdanoticia.com.br\/?p=2862#article\",\"isPartOf\":{\"@id\":\"https:\/\/portrasdanoticia.com.br\/?p=2862\"},\"author\":{\"name\":\"Colunista01\",\"@id\":\"https:\/\/portrasdanoticia.com.br\/#\/schema\/person\/c82049a66889abc8daf6f947cd4e34f9\"},\"headline\":\"Com festejos em tr\u00eas pontos da cidade, Governo promove o maior S\u00e3o Jo\u00e3o da capital baiana\",\"datePublished\":\"2024-05-29T14:03:32+00:00\",\"dateModified\":\"2024-05-29T14:03:34+00:00\",\"mainEntityOfPage\":{\"@id\":\"https:\/\/portrasdanoticia.com.br\/?p=2862\"},\"wordCount\":410,\"commentCount\":0,\"publisher\":{\"@id\":\"https:\/\/portrasdanoticia.com.br\/#organization\"},\"image\":{\"@id\":\"https:\/\/portrasdanoticia.com.br\/?p=2862#primaryimage\"},\"thumbnailUrl\":\"https:\/\/i0.wp.com\/portrasdanoticia.com.br\/wp-content\/uploads\/2024\/05\/WhatsApp-Image-2024-05-28-at-19.46.04-900x632-1.jpeg?fit=900%2C632&ssl=1\",\"articleSection\":[\"Entretenimento\"],\"inLanguage\":\"pt-BR\",\"potentialAction\":[{\"@type\":\"CommentAction\",\"name\":\"Comment\",\"target\":[\"https:\/\/portrasdanoticia.com.br\/?p=2862#respond\"]}]},{\"@type\":\"WebPage\",\"@id\":\"https:\/\/portrasdanoticia.com.br\/?p=2862\",\"url\":\"https:\/\/portrasdanoticia.com.br\/?p=2862\",\"name\":\"Com festejos em tr\u00eas pontos da cidade, Governo promove o maior S\u00e3o Jo\u00e3o da capital baiana - Por Tr\u00e1s da Not\u00edcia\",\"isPartOf\":{\"@id\":\"https:\/\/portrasdanoticia.com.br\/#website\"},\"primaryImageOfPage\":{\"@id\":\"https:\/\/portrasdanoticia.com.br\/?p=2862#primaryimage\"},\"image\":{\"@id\":\"https:\/\/portrasdanoticia.com.br\/?p=2862#primaryimage\"},\"thumbnailUrl\":\"https:\/\/i0.wp.com\/portrasdanoticia.com.br\/wp-content\/uploads\/2024\/05\/WhatsApp-Image-2024-05-28-at-19.46.04-900x632-1.jpeg?fit=900%2C632&ssl=1\",\"datePublished\":\"2024-05-29T14:03:32+00:00\",\"dateModified\":\"2024-05-29T14:03:34+00:00\",\"breadcrumb\":{\"@id\":\"https:\/\/portrasdanoticia.com.br\/?p=2862#breadcrumb\"},\"inLanguage\":\"pt-BR\",\"potentialAction\":[{\"@type\":\"ReadAction\",\"target\":[\"https:\/\/portrasdanoticia.com.br\/?p=2862\"]}]},{\"@type\":\"ImageObject\",\"inLanguage\":\"pt-BR\",\"@id\":\"https:\/\/portrasdanoticia.com.br\/?p=2862#primaryimage\",\"url\":\"https:\/\/i0.wp.com\/portrasdanoticia.com.br\/wp-content\/uploads\/2024\/05\/WhatsApp-Image-2024-05-28-at-19.46.04-900x632-1.jpeg?fit=900%2C632&ssl=1\",\"contentUrl\":\"https:\/\/i0.wp.com\/portrasdanoticia.com.br\/wp-content\/uploads\/2024\/05\/WhatsApp-Image-2024-05-28-at-19.46.04-900x632-1.jpeg?fit=900%2C632&ssl=1\",\"width\":900,\"height\":632},{\"@type\":\"BreadcrumbList\",\"@id\":\"https:\/\/portrasdanoticia.com.br\/?p=2862#breadcrumb\",\"itemListElement\":[{\"@type\":\"ListItem\",\"position\":1,\"name\":\"In\u00edcio\",\"item\":\"https:\/\/portrasdanoticia.com.br\/\"},{\"@type\":\"ListItem\",\"position\":2,\"name\":\"Com festejos em tr\u00eas pontos da cidade, Governo promove o maior S\u00e3o Jo\u00e3o da capital baiana\"}]},{\"@type\":\"WebSite\",\"@id\":\"https:\/\/portrasdanoticia.com.br\/#website\",\"url\":\"https:\/\/portrasdanoticia.com.br\/\",\"name\":\"Por tr\u00e1s da Not\u00edcia\",\"description\":\"\",\"publisher\":{\"@id\":\"https:\/\/portrasdanoticia.com.br\/#organization\"},\"potentialAction\":[{\"@type\":\"SearchAction\",\"target\":{\"@type\":\"EntryPoint\",\"urlTemplate\":\"https:\/\/portrasdanoticia.com.br\/?s={search_term_string}\"},\"query-input\":{\"@type\":\"PropertyValueSpecification\",\"valueRequired\":true,\"valueName\":\"search_term_string\"}}],\"inLanguage\":\"pt-BR\"},{\"@type\":\"Organization\",\"@id\":\"https:\/\/portrasdanoticia.com.br\/#organization\",\"name\":\"Por tr\u00e1s da Not\u00edcia\",\"url\":\"https:\/\/portrasdanoticia.com.br\/\",\"logo\":{\"@type\":\"ImageObject\",\"inLanguage\":\"pt-BR\",\"@id\":\"https:\/\/portrasdanoticia.com.br\/#\/schema\/logo\/image\/\",\"url\":\"https:\/\/i0.wp.com\/portrasdanoticia.com.br\/wp-content\/uploads\/2024\/03\/cropped-photo_4911184121477311577_y.jpg?fit=975%2C367&ssl=1\",\"contentUrl\":\"https:\/\/i0.wp.com\/portrasdanoticia.com.br\/wp-content\/uploads\/2024\/03\/cropped-photo_4911184121477311577_y.jpg?fit=975%2C367&ssl=1\",\"width\":975,\"height\":367,\"caption\":\"Por tr\u00e1s da Not\u00edcia\"},\"image\":{\"@id\":\"https:\/\/portrasdanoticia.com.br\/#\/schema\/logo\/image\/\"}},{\"@type\":\"Person\",\"@id\":\"https:\/\/portrasdanoticia.com.br\/#\/schema\/person\/c82049a66889abc8daf6f947cd4e34f9\",\"name\":\"Colunista01\",\"image\":{\"@type\":\"ImageObject\",\"inLanguage\":\"pt-BR\",\"@id\":\"https:\/\/portrasdanoticia.com.br\/#\/schema\/person\/image\/\",\"url\":\"https:\/\/secure.gravatar.com\/avatar\/bbd2f0a69a82c93c144cbc2d621b8663?s=96&d=mm&r=g\",\"contentUrl\":\"https:\/\/secure.gravatar.com\/avatar\/bbd2f0a69a82c93c144cbc2d621b8663?s=96&d=mm&r=g\",\"caption\":\"Colunista01\"},\"sameAs\":[\"https:\/\/portrasdanoticia.com.br\/\"],\"url\":\"https:\/\/portrasdanoticia.com.br\/?author=4\"}]}<\/script>\n<!-- \/ Yoast SEO plugin. -->","yoast_head_json":{"title":"Com festejos em tr\u00eas pontos da cidade, Governo promove o maior S\u00e3o Jo\u00e3o da capital baiana - Por Tr\u00e1s da Not\u00edcia","robots":{"index":"index","follow":"follow","max-snippet":"max-snippet:-1","max-image-preview":"max-image-preview:large","max-video-preview":"max-video-preview:-1"},"canonical":"https:\/\/portrasdanoticia.com.br\/?p=2862","og_locale":"pt_BR","og_type":"article","og_title":"Com festejos em tr\u00eas pontos da cidade, Governo promove o maior S\u00e3o Jo\u00e3o da capital baiana - Por Tr\u00e1s da Not\u00edcia","og_description":"Mais uma vez, o Governo do Estado est\u00e1 transformando Salvador no maior arrai\u00e1 do Brasil durante o S\u00e3o Jo\u00e3o da Bahia 2024, com festas no Parque de Exposi\u00e7\u00f5es, no Pelourinho e em Paripe, no Sub\u00farbio Ferrovi\u00e1rio. Durante todo o m\u00eas de junho, at\u00e9 o dia 2 de julho, al\u00e9m das atra\u00e7\u00f5es de proje\u00e7\u00e3o nacional e...","og_url":"https:\/\/portrasdanoticia.com.br\/?p=2862","og_site_name":"Por Tr\u00e1s da Not\u00edcia","article_published_time":"2024-05-29T14:03:32+00:00","article_modified_time":"2024-05-29T14:03:34+00:00","og_image":[{"width":900,"height":632,"url":"http:\/\/portrasdanoticia.com.br\/wp-content\/uploads\/2024\/05\/WhatsApp-Image-2024-05-28-at-19.46.04-900x632-1.jpeg","type":"image\/jpeg"}],"author":"Colunista01","twitter_card":"summary_large_image","twitter_misc":{"Escrito por":"Colunista01","Est. tempo de leitura":"3 minutos"},"schema":{"@context":"https:\/\/schema.org","@graph":[{"@type":"Article","@id":"https:\/\/portrasdanoticia.com.br\/?p=2862#article","isPartOf":{"@id":"https:\/\/portrasdanoticia.com.br\/?p=2862"},"author":{"name":"Colunista01","@id":"https:\/\/portrasdanoticia.com.br\/#\/schema\/person\/c82049a66889abc8daf6f947cd4e34f9"},"headline":"Com festejos em tr\u00eas pontos da cidade, Governo promove o maior S\u00e3o Jo\u00e3o da capital baiana","datePublished":"2024-05-29T14:03:32+00:00","dateModified":"2024-05-29T14:03:34+00:00","mainEntityOfPage":{"@id":"https:\/\/portrasdanoticia.com.br\/?p=2862"},"wordCount":410,"commentCount":0,"publisher":{"@id":"https:\/\/portrasdanoticia.com.br\/#organization"},"image":{"@id":"https:\/\/portrasdanoticia.com.br\/?p=2862#primaryimage"},"thumbnailUrl":"https:\/\/i0.wp.com\/portrasdanoticia.com.br\/wp-content\/uploads\/2024\/05\/WhatsApp-Image-2024-05-28-at-19.46.04-900x632-1.jpeg?fit=900%2C632&ssl=1","articleSection":["Entretenimento"],"inLanguage":"pt-BR","potentialAction":[{"@type":"CommentAction","name":"Comment","target":["https:\/\/portrasdanoticia.com.br\/?p=2862#respond"]}]},{"@type":"WebPage","@id":"https:\/\/portrasdanoticia.com.br\/?p=2862","url":"https:\/\/portrasdanoticia.com.br\/?p=2862","name":"Com festejos em tr\u00eas pontos da cidade, Governo promove o maior S\u00e3o Jo\u00e3o da capital baiana - Por Tr\u00e1s da Not\u00edcia","isPartOf":{"@id":"https:\/\/portrasdanoticia.com.br\/#website"},"primaryImageOfPage":{"@id":"https:\/\/portrasdanoticia.com.br\/?p=2862#primaryimage"},"image":{"@id":"https:\/\/portrasdanoticia.com.br\/?p=2862#primaryimage"},"thumbnailUrl":"https:\/\/i0.wp.com\/portrasdanoticia.com.br\/wp-content\/uploads\/2024\/05\/WhatsApp-Image-2024-05-28-at-19.46.04-900x632-1.jpeg?fit=900%2C632&ssl=1","datePublished":"2024-05-29T14:03:32+00:00","dateModified":"2024-05-29T14:03:34+00:00","breadcrumb":{"@id":"https:\/\/portrasdanoticia.com.br\/?p=2862#breadcrumb"},"inLanguage":"pt-BR","potentialAction":[{"@type":"ReadAction","target":["https:\/\/portrasdanoticia.com.br\/?p=2862"]}]},{"@type":"ImageObject","inLanguage":"pt-BR","@id":"https:\/\/portrasdanoticia.com.br\/?p=2862#primaryimage","url":"https:\/\/i0.wp.com\/portrasdanoticia.com.br\/wp-content\/uploads\/2024\/05\/WhatsApp-Image-2024-05-28-at-19.46.04-900x632-1.jpeg?fit=900%2C632&ssl=1","contentUrl":"https:\/\/i0.wp.com\/portrasdanoticia.com.br\/wp-content\/uploads\/2024\/05\/WhatsApp-Image-2024-05-28-at-19.46.04-900x632-1.jpeg?fit=900%2C632&ssl=1","width":900,"height":632},{"@type":"BreadcrumbList","@id":"https:\/\/portrasdanoticia.com.br\/?p=2862#breadcrumb","itemListElement":[{"@type":"ListItem","position":1,"name":"In\u00edcio","item":"https:\/\/portrasdanoticia.com.br\/"},{"@type":"ListItem","position":2,"name":"Com festejos em tr\u00eas pontos da cidade, Governo promove o maior S\u00e3o Jo\u00e3o da capital baiana"}]},{"@type":"WebSite","@id":"https:\/\/portrasdanoticia.com.br\/#website","url":"https:\/\/portrasdanoticia.com.br\/","name":"Por tr\u00e1s da Not\u00edcia","description":"","publisher":{"@id":"https:\/\/portrasdanoticia.com.br\/#organization"},"potentialAction":[{"@type":"SearchAction","target":{"@type":"EntryPoint","urlTemplate":"https:\/\/portrasdanoticia.com.br\/?s={search_term_string}"},"query-input":{"@type":"PropertyValueSpecification","valueRequired":true,"valueName":"search_term_string"}}],"inLanguage":"pt-BR"},{"@type":"Organization","@id":"https:\/\/portrasdanoticia.com.br\/#organization","name":"Por tr\u00e1s da Not\u00edcia","url":"https:\/\/portrasdanoticia.com.br\/","logo":{"@type":"ImageObject","inLanguage":"pt-BR","@id":"https:\/\/portrasdanoticia.com.br\/#\/schema\/logo\/image\/","url":"https:\/\/i0.wp.com\/portrasdanoticia.com.br\/wp-content\/uploads\/2024\/03\/cropped-photo_4911184121477311577_y.jpg?fit=975%2C367&ssl=1","contentUrl":"https:\/\/i0.wp.com\/portrasdanoticia.com.br\/wp-content\/uploads\/2024\/03\/cropped-photo_4911184121477311577_y.jpg?fit=975%2C367&ssl=1","width":975,"height":367,"caption":"Por tr\u00e1s da Not\u00edcia"},"image":{"@id":"https:\/\/portrasdanoticia.com.br\/#\/schema\/logo\/image\/"}},{"@type":"Person","@id":"https:\/\/portrasdanoticia.com.br\/#\/schema\/person\/c82049a66889abc8daf6f947cd4e34f9","name":"Colunista01","image":{"@type":"ImageObject","inLanguage":"pt-BR","@id":"https:\/\/portrasdanoticia.com.br\/#\/schema\/person\/image\/","url":"https:\/\/secure.gravatar.com\/avatar\/bbd2f0a69a82c93c144cbc2d621b8663?s=96&d=mm&r=g","contentUrl":"https:\/\/secure.gravatar.com\/avatar\/bbd2f0a69a82c93c144cbc2d621b8663?s=96&d=mm&r=g","caption":"Colunista01"},"sameAs":["https:\/\/portrasdanoticia.com.br\/"],"url":"https:\/\/portrasdanoticia.com.br\/?author=4"}]}},"jetpack_sharing_enabled":true,"jetpack_featured_media_url":"https:\/\/i0.wp.com\/portrasdanoticia.com.br\/wp-content\/uploads\/2024\/05\/WhatsApp-Image-2024-05-28-at-19.46.04-900x632-1.jpeg?fit=900%2C632&ssl=1","_links":{"self":[{"href":"https:\/\/portrasdanoticia.com.br\/index.php?rest_route=\/wp\/v2\/posts\/2862","targetHints":{"allow":["GET"]}}],"collection":[{"href":"https:\/\/portrasdanoticia.com.br\/index.php?rest_route=\/wp\/v2\/posts"}],"about":[{"href":"https:\/\/portrasdanoticia.com.br\/index.php?rest_route=\/wp\/v2\/types\/post"}],"author":[{"embeddable":true,"href":"https:\/\/portrasdanoticia.com.br\/index.php?rest_route=\/wp\/v2\/users\/4"}],"replies":[{"embeddable":true,"href":"https:\/\/portrasdanoticia.com.br\/index.php?rest_route=%2Fwp%2Fv2%2Fcomments&post=2862"}],"version-history":[{"count":1,"href":"https:\/\/portrasdanoticia.com.br\/index.php?rest_route=\/wp\/v2\/posts\/2862\/revisions"}],"predecessor-version":[{"id":2864,"href":"https:\/\/portrasdanoticia.com.br\/index.php?rest_route=\/wp\/v2\/posts\/2862\/revisions\/2864"}],"wp:featuredmedia":[{"embeddable":true,"href":"https:\/\/portrasdanoticia.com.br\/index.php?rest_route=\/wp\/v2\/media\/2863"}],"wp:attachment":[{"href":"https:\/\/portrasdanoticia.com.br\/index.php?rest_route=%2Fwp%2Fv2%2Fmedia&parent=2862"}],"wp:term":[{"taxonomy":"category","embeddable":true,"href":"https:\/\/portrasdanoticia.com.br\/index.php?rest_route=%2Fwp%2Fv2%2Fcategories&post=2862"},{"taxonomy":"post_tag","embeddable":true,"href":"https:\/\/portrasdanoticia.com.br\/index.php?rest_route=%2Fwp%2Fv2%2Ftags&post=2862"}],"curies":[{"name":"wp","href":"https:\/\/api.w.org\/{rel}","templated":true}]}}