{"id":3272,"date":"2024-08-08T16:58:34","date_gmt":"2024-08-08T19:58:34","guid":{"rendered":"https:\/\/portrasdanoticia.com.br\/?p=3272"},"modified":"2024-08-08T16:58:35","modified_gmt":"2024-08-08T19:58:35","slug":"tce-aprova-por-unanimidade-contas-do-primeiro-ano-de-gestao-do-governador-jeronimo-rodrigues","status":"publish","type":"post","link":"https:\/\/portrasdanoticia.com.br\/?p=3272","title":{"rendered":"TCE aprova por unanimidade contas do primeiro ano de gest\u00e3o do governador Jer\u00f4nimo Rodrigues"},"content":{"rendered":"\n<p>As contas referentes ao primeiro ano de gest\u00e3o do governador Jer\u00f4nimo Rodrigues foram aprovadas por unanimidade pelo Tribunal de Contas do Estado da Bahia (TCE), em sess\u00e3o plen\u00e1ria realizada nesta ter\u00e7a-feira (6) e presidida pelo conselheiro Marcus Pres\u00eddio. O relator do processo na corte foi o conselheiro Antonio Honorato Neto, que apresentou relat\u00f3rio decidindo pela aprova\u00e7\u00e3o das contas de 2023 do chefe do Executivo.<\/p>\n\n\n\n<p>Seguiram o voto do relator os conselheiros Carolina Matos, Inaldo Ara\u00fajo, Jo\u00e3o Bonfim e Gildasio Penedo. Com a decis\u00e3o pela aprova\u00e7\u00e3o no TCE, as contas agora seguem para aprecia\u00e7\u00e3o na Assembleia Legislativa da Bahia (Alba).<\/p>\n\n\n\n<p>Durante sustenta\u00e7\u00e3o oral, a procuradora-geral do Estado, B\u00e1rbara Camardelli, pontuou a import\u00e2ncia da atua\u00e7\u00e3o do Tribunal de Contas para o aprimoramento da gest\u00e3o p\u00fablica. \u201cO papel do TCE vem com este olhar opinativo, olhando a administra\u00e7\u00e3o a partir da sua condu\u00e7\u00e3o, se houve a concep\u00e7\u00e3o e a execu\u00e7\u00e3o de pol\u00edticas p\u00fablicas dentro de uma perspectiva de or\u00e7amento. E, como usualmente \u00e9 feito, o Estado se debru\u00e7ar\u00e1 sobre os apontamentos para melhorar cada vez mais a sua atua\u00e7\u00e3o\u201d, destacou.<\/p>\n\n\n\n<p>No ano passado, o Estado da Bahia desembolsou R$ 8,38 bilh\u00f5es para investimentos p\u00fablicos. Em paralelo, no primeiro ano de gest\u00e3o de Jer\u00f4nimo, o governo baiano manteve o equil\u00edbrio das contas e conquistou a Capag A, nota m\u00e1xima para a gest\u00e3o das contas estaduais, conferida pela Secretaria do Tesouro Nacional.<\/p>\n","protected":false},"excerpt":{"rendered":"<p>As contas referentes ao primeiro ano de gest\u00e3o do governador Jer\u00f4nimo Rodrigues foram aprovadas por unanimidade pelo Tribunal de Contas do Estado da Bahia (TCE), em sess\u00e3o plen\u00e1ria realizada nesta ter\u00e7a-feira (6) e presidida pelo conselheiro Marcus Pres\u00eddio. O relator do processo na corte foi o conselheiro Antonio Honorato Neto, que apresentou relat\u00f3rio decidindo pela&#8230;<\/p>\n","protected":false},"author":4,"featured_media":3273,"comment_status":"open","ping_status":"open","sticky":false,"template":"","format":"standard","meta":{"_jetpack_memberships_contains_paid_content":false,"footnotes":""},"categories":[64],"tags":[],"class_list":["post-3272","post","type-post","status-publish","format-standard","has-post-thumbnail","hentry","category-bahia"],"yoast_head":"<!-- This site is optimized with the Yoast SEO plugin v26.8 - https:\/\/yoast.com\/product\/yoast-seo-wordpress\/ -->\n<title>TCE aprova por unanimidade contas do primeiro ano de gest\u00e3o do governador Jer\u00f4nimo Rodrigues - Por Tr\u00e1s da Not\u00edcia<\/title>\n<meta name=\"robots\" content=\"index, follow, max-snippet:-1, max-image-preview:large, max-video-preview:-1\" \/>\n<link rel=\"canonical\" href=\"https:\/\/portrasdanoticia.com.br\/?p=3272\" \/>\n<meta property=\"og:locale\" content=\"pt_BR\" \/>\n<meta property=\"og:type\" content=\"article\" \/>\n<meta property=\"og:title\" content=\"TCE aprova por unanimidade contas do primeiro ano de gest\u00e3o do governador Jer\u00f4nimo Rodrigues - Por Tr\u00e1s da Not\u00edcia\" \/>\n<meta property=\"og:description\" content=\"As contas referentes ao primeiro ano de gest\u00e3o do governador Jer\u00f4nimo Rodrigues foram aprovadas por unanimidade pelo Tribunal de Contas do Estado da Bahia (TCE), em sess\u00e3o plen\u00e1ria realizada nesta ter\u00e7a-feira (6) e presidida pelo conselheiro Marcus Pres\u00eddio. O relator do processo na corte foi o conselheiro Antonio Honorato Neto, que apresentou relat\u00f3rio decidindo pela...\" \/>\n<meta property=\"og:url\" content=\"https:\/\/portrasdanoticia.com.br\/?p=3272\" \/>\n<meta property=\"og:site_name\" content=\"Por Tr\u00e1s da Not\u00edcia\" \/>\n<meta property=\"article:published_time\" content=\"2024-08-08T19:58:34+00:00\" \/>\n<meta property=\"article:modified_time\" content=\"2024-08-08T19:58:35+00:00\" \/>\n<meta property=\"og:image\" content=\"http:\/\/portrasdanoticia.com.br\/wp-content\/uploads\/2024\/08\/IMG_6907.jpeg\" \/>\n\t<meta property=\"og:image:width\" content=\"640\" \/>\n\t<meta property=\"og:image:height\" content=\"480\" \/>\n\t<meta property=\"og:image:type\" content=\"image\/jpeg\" \/>\n<meta name=\"author\" content=\"Colunista01\" \/>\n<meta name=\"twitter:card\" content=\"summary_large_image\" \/>\n<meta name=\"twitter:label1\" content=\"Escrito por\" \/>\n\t<meta name=\"twitter:data1\" content=\"Colunista01\" \/>\n\t<meta name=\"twitter:label2\" content=\"Est. tempo de leitura\" \/>\n\t<meta name=\"twitter:data2\" content=\"2 minutos\" \/>\n<script type=\"application\/ld+json\" class=\"yoast-schema-graph\">{\"@context\":\"https:\/\/schema.org\",\"@graph\":[{\"@type\":\"Article\",\"@id\":\"https:\/\/portrasdanoticia.com.br\/?p=3272#article\",\"isPartOf\":{\"@id\":\"https:\/\/portrasdanoticia.com.br\/?p=3272\"},\"author\":{\"name\":\"Colunista01\",\"@id\":\"https:\/\/portrasdanoticia.com.br\/#\/schema\/person\/c82049a66889abc8daf6f947cd4e34f9\"},\"headline\":\"TCE aprova por unanimidade contas do primeiro ano de gest\u00e3o do governador Jer\u00f4nimo Rodrigues\",\"datePublished\":\"2024-08-08T19:58:34+00:00\",\"dateModified\":\"2024-08-08T19:58:35+00:00\",\"mainEntityOfPage\":{\"@id\":\"https:\/\/portrasdanoticia.com.br\/?p=3272\"},\"wordCount\":274,\"commentCount\":0,\"publisher\":{\"@id\":\"https:\/\/portrasdanoticia.com.br\/#organization\"},\"image\":{\"@id\":\"https:\/\/portrasdanoticia.com.br\/?p=3272#primaryimage\"},\"thumbnailUrl\":\"https:\/\/i0.wp.com\/portrasdanoticia.com.br\/wp-content\/uploads\/2024\/08\/IMG_6907.jpeg?fit=640%2C480&ssl=1\",\"articleSection\":[\"Bahia\"],\"inLanguage\":\"pt-BR\",\"potentialAction\":[{\"@type\":\"CommentAction\",\"name\":\"Comment\",\"target\":[\"https:\/\/portrasdanoticia.com.br\/?p=3272#respond\"]}]},{\"@type\":\"WebPage\",\"@id\":\"https:\/\/portrasdanoticia.com.br\/?p=3272\",\"url\":\"https:\/\/portrasdanoticia.com.br\/?p=3272\",\"name\":\"TCE aprova por unanimidade contas do primeiro ano de gest\u00e3o do governador Jer\u00f4nimo Rodrigues - Por Tr\u00e1s da Not\u00edcia\",\"isPartOf\":{\"@id\":\"https:\/\/portrasdanoticia.com.br\/#website\"},\"primaryImageOfPage\":{\"@id\":\"https:\/\/portrasdanoticia.com.br\/?p=3272#primaryimage\"},\"image\":{\"@id\":\"https:\/\/portrasdanoticia.com.br\/?p=3272#primaryimage\"},\"thumbnailUrl\":\"https:\/\/i0.wp.com\/portrasdanoticia.com.br\/wp-content\/uploads\/2024\/08\/IMG_6907.jpeg?fit=640%2C480&ssl=1\",\"datePublished\":\"2024-08-08T19:58:34+00:00\",\"dateModified\":\"2024-08-08T19:58:35+00:00\",\"breadcrumb\":{\"@id\":\"https:\/\/portrasdanoticia.com.br\/?p=3272#breadcrumb\"},\"inLanguage\":\"pt-BR\",\"potentialAction\":[{\"@type\":\"ReadAction\",\"target\":[\"https:\/\/portrasdanoticia.com.br\/?p=3272\"]}]},{\"@type\":\"ImageObject\",\"inLanguage\":\"pt-BR\",\"@id\":\"https:\/\/portrasdanoticia.com.br\/?p=3272#primaryimage\",\"url\":\"https:\/\/i0.wp.com\/portrasdanoticia.com.br\/wp-content\/uploads\/2024\/08\/IMG_6907.jpeg?fit=640%2C480&ssl=1\",\"contentUrl\":\"https:\/\/i0.wp.com\/portrasdanoticia.com.br\/wp-content\/uploads\/2024\/08\/IMG_6907.jpeg?fit=640%2C480&ssl=1\",\"width\":640,\"height\":480},{\"@type\":\"BreadcrumbList\",\"@id\":\"https:\/\/portrasdanoticia.com.br\/?p=3272#breadcrumb\",\"itemListElement\":[{\"@type\":\"ListItem\",\"position\":1,\"name\":\"In\u00edcio\",\"item\":\"https:\/\/portrasdanoticia.com.br\/\"},{\"@type\":\"ListItem\",\"position\":2,\"name\":\"TCE aprova por unanimidade contas do primeiro ano de gest\u00e3o do governador Jer\u00f4nimo Rodrigues\"}]},{\"@type\":\"WebSite\",\"@id\":\"https:\/\/portrasdanoticia.com.br\/#website\",\"url\":\"https:\/\/portrasdanoticia.com.br\/\",\"name\":\"Por tr\u00e1s da Not\u00edcia\",\"description\":\"\",\"publisher\":{\"@id\":\"https:\/\/portrasdanoticia.com.br\/#organization\"},\"potentialAction\":[{\"@type\":\"SearchAction\",\"target\":{\"@type\":\"EntryPoint\",\"urlTemplate\":\"https:\/\/portrasdanoticia.com.br\/?s={search_term_string}\"},\"query-input\":{\"@type\":\"PropertyValueSpecification\",\"valueRequired\":true,\"valueName\":\"search_term_string\"}}],\"inLanguage\":\"pt-BR\"},{\"@type\":\"Organization\",\"@id\":\"https:\/\/portrasdanoticia.com.br\/#organization\",\"name\":\"Por tr\u00e1s da Not\u00edcia\",\"url\":\"https:\/\/portrasdanoticia.com.br\/\",\"logo\":{\"@type\":\"ImageObject\",\"inLanguage\":\"pt-BR\",\"@id\":\"https:\/\/portrasdanoticia.com.br\/#\/schema\/logo\/image\/\",\"url\":\"https:\/\/i0.wp.com\/portrasdanoticia.com.br\/wp-content\/uploads\/2024\/03\/cropped-photo_4911184121477311577_y.jpg?fit=975%2C367&ssl=1\",\"contentUrl\":\"https:\/\/i0.wp.com\/portrasdanoticia.com.br\/wp-content\/uploads\/2024\/03\/cropped-photo_4911184121477311577_y.jpg?fit=975%2C367&ssl=1\",\"width\":975,\"height\":367,\"caption\":\"Por tr\u00e1s da Not\u00edcia\"},\"image\":{\"@id\":\"https:\/\/portrasdanoticia.com.br\/#\/schema\/logo\/image\/\"}},{\"@type\":\"Person\",\"@id\":\"https:\/\/portrasdanoticia.com.br\/#\/schema\/person\/c82049a66889abc8daf6f947cd4e34f9\",\"name\":\"Colunista01\",\"image\":{\"@type\":\"ImageObject\",\"inLanguage\":\"pt-BR\",\"@id\":\"https:\/\/portrasdanoticia.com.br\/#\/schema\/person\/image\/\",\"url\":\"https:\/\/secure.gravatar.com\/avatar\/bbd2f0a69a82c93c144cbc2d621b8663?s=96&d=mm&r=g\",\"contentUrl\":\"https:\/\/secure.gravatar.com\/avatar\/bbd2f0a69a82c93c144cbc2d621b8663?s=96&d=mm&r=g\",\"caption\":\"Colunista01\"},\"sameAs\":[\"https:\/\/portrasdanoticia.com.br\/\"],\"url\":\"https:\/\/portrasdanoticia.com.br\/?author=4\"}]}<\/script>\n<!-- \/ Yoast SEO plugin. -->","yoast_head_json":{"title":"TCE aprova por unanimidade contas do primeiro ano de gest\u00e3o do governador Jer\u00f4nimo Rodrigues - Por Tr\u00e1s da Not\u00edcia","robots":{"index":"index","follow":"follow","max-snippet":"max-snippet:-1","max-image-preview":"max-image-preview:large","max-video-preview":"max-video-preview:-1"},"canonical":"https:\/\/portrasdanoticia.com.br\/?p=3272","og_locale":"pt_BR","og_type":"article","og_title":"TCE aprova por unanimidade contas do primeiro ano de gest\u00e3o do governador Jer\u00f4nimo Rodrigues - Por Tr\u00e1s da Not\u00edcia","og_description":"As contas referentes ao primeiro ano de gest\u00e3o do governador Jer\u00f4nimo Rodrigues foram aprovadas por unanimidade pelo Tribunal de Contas do Estado da Bahia (TCE), em sess\u00e3o plen\u00e1ria realizada nesta ter\u00e7a-feira (6) e presidida pelo conselheiro Marcus Pres\u00eddio. O relator do processo na corte foi o conselheiro Antonio Honorato Neto, que apresentou relat\u00f3rio decidindo pela...","og_url":"https:\/\/portrasdanoticia.com.br\/?p=3272","og_site_name":"Por Tr\u00e1s da Not\u00edcia","article_published_time":"2024-08-08T19:58:34+00:00","article_modified_time":"2024-08-08T19:58:35+00:00","og_image":[{"width":640,"height":480,"url":"http:\/\/portrasdanoticia.com.br\/wp-content\/uploads\/2024\/08\/IMG_6907.jpeg","type":"image\/jpeg"}],"author":"Colunista01","twitter_card":"summary_large_image","twitter_misc":{"Escrito por":"Colunista01","Est. tempo de leitura":"2 minutos"},"schema":{"@context":"https:\/\/schema.org","@graph":[{"@type":"Article","@id":"https:\/\/portrasdanoticia.com.br\/?p=3272#article","isPartOf":{"@id":"https:\/\/portrasdanoticia.com.br\/?p=3272"},"author":{"name":"Colunista01","@id":"https:\/\/portrasdanoticia.com.br\/#\/schema\/person\/c82049a66889abc8daf6f947cd4e34f9"},"headline":"TCE aprova por unanimidade contas do primeiro ano de gest\u00e3o do governador Jer\u00f4nimo Rodrigues","datePublished":"2024-08-08T19:58:34+00:00","dateModified":"2024-08-08T19:58:35+00:00","mainEntityOfPage":{"@id":"https:\/\/portrasdanoticia.com.br\/?p=3272"},"wordCount":274,"commentCount":0,"publisher":{"@id":"https:\/\/portrasdanoticia.com.br\/#organization"},"image":{"@id":"https:\/\/portrasdanoticia.com.br\/?p=3272#primaryimage"},"thumbnailUrl":"https:\/\/i0.wp.com\/portrasdanoticia.com.br\/wp-content\/uploads\/2024\/08\/IMG_6907.jpeg?fit=640%2C480&ssl=1","articleSection":["Bahia"],"inLanguage":"pt-BR","potentialAction":[{"@type":"CommentAction","name":"Comment","target":["https:\/\/portrasdanoticia.com.br\/?p=3272#respond"]}]},{"@type":"WebPage","@id":"https:\/\/portrasdanoticia.com.br\/?p=3272","url":"https:\/\/portrasdanoticia.com.br\/?p=3272","name":"TCE aprova por unanimidade contas do primeiro ano de gest\u00e3o do governador Jer\u00f4nimo Rodrigues - Por Tr\u00e1s da Not\u00edcia","isPartOf":{"@id":"https:\/\/portrasdanoticia.com.br\/#website"},"primaryImageOfPage":{"@id":"https:\/\/portrasdanoticia.com.br\/?p=3272#primaryimage"},"image":{"@id":"https:\/\/portrasdanoticia.com.br\/?p=3272#primaryimage"},"thumbnailUrl":"https:\/\/i0.wp.com\/portrasdanoticia.com.br\/wp-content\/uploads\/2024\/08\/IMG_6907.jpeg?fit=640%2C480&ssl=1","datePublished":"2024-08-08T19:58:34+00:00","dateModified":"2024-08-08T19:58:35+00:00","breadcrumb":{"@id":"https:\/\/portrasdanoticia.com.br\/?p=3272#breadcrumb"},"inLanguage":"pt-BR","potentialAction":[{"@type":"ReadAction","target":["https:\/\/portrasdanoticia.com.br\/?p=3272"]}]},{"@type":"ImageObject","inLanguage":"pt-BR","@id":"https:\/\/portrasdanoticia.com.br\/?p=3272#primaryimage","url":"https:\/\/i0.wp.com\/portrasdanoticia.com.br\/wp-content\/uploads\/2024\/08\/IMG_6907.jpeg?fit=640%2C480&ssl=1","contentUrl":"https:\/\/i0.wp.com\/portrasdanoticia.com.br\/wp-content\/uploads\/2024\/08\/IMG_6907.jpeg?fit=640%2C480&ssl=1","width":640,"height":480},{"@type":"BreadcrumbList","@id":"https:\/\/portrasdanoticia.com.br\/?p=3272#breadcrumb","itemListElement":[{"@type":"ListItem","position":1,"name":"In\u00edcio","item":"https:\/\/portrasdanoticia.com.br\/"},{"@type":"ListItem","position":2,"name":"TCE aprova por unanimidade contas do primeiro ano de gest\u00e3o do governador Jer\u00f4nimo Rodrigues"}]},{"@type":"WebSite","@id":"https:\/\/portrasdanoticia.com.br\/#website","url":"https:\/\/portrasdanoticia.com.br\/","name":"Por tr\u00e1s da Not\u00edcia","description":"","publisher":{"@id":"https:\/\/portrasdanoticia.com.br\/#organization"},"potentialAction":[{"@type":"SearchAction","target":{"@type":"EntryPoint","urlTemplate":"https:\/\/portrasdanoticia.com.br\/?s={search_term_string}"},"query-input":{"@type":"PropertyValueSpecification","valueRequired":true,"valueName":"search_term_string"}}],"inLanguage":"pt-BR"},{"@type":"Organization","@id":"https:\/\/portrasdanoticia.com.br\/#organization","name":"Por tr\u00e1s da Not\u00edcia","url":"https:\/\/portrasdanoticia.com.br\/","logo":{"@type":"ImageObject","inLanguage":"pt-BR","@id":"https:\/\/portrasdanoticia.com.br\/#\/schema\/logo\/image\/","url":"https:\/\/i0.wp.com\/portrasdanoticia.com.br\/wp-content\/uploads\/2024\/03\/cropped-photo_4911184121477311577_y.jpg?fit=975%2C367&ssl=1","contentUrl":"https:\/\/i0.wp.com\/portrasdanoticia.com.br\/wp-content\/uploads\/2024\/03\/cropped-photo_4911184121477311577_y.jpg?fit=975%2C367&ssl=1","width":975,"height":367,"caption":"Por tr\u00e1s da Not\u00edcia"},"image":{"@id":"https:\/\/portrasdanoticia.com.br\/#\/schema\/logo\/image\/"}},{"@type":"Person","@id":"https:\/\/portrasdanoticia.com.br\/#\/schema\/person\/c82049a66889abc8daf6f947cd4e34f9","name":"Colunista01","image":{"@type":"ImageObject","inLanguage":"pt-BR","@id":"https:\/\/portrasdanoticia.com.br\/#\/schema\/person\/image\/","url":"https:\/\/secure.gravatar.com\/avatar\/bbd2f0a69a82c93c144cbc2d621b8663?s=96&d=mm&r=g","contentUrl":"https:\/\/secure.gravatar.com\/avatar\/bbd2f0a69a82c93c144cbc2d621b8663?s=96&d=mm&r=g","caption":"Colunista01"},"sameAs":["https:\/\/portrasdanoticia.com.br\/"],"url":"https:\/\/portrasdanoticia.com.br\/?author=4"}]}},"jetpack_sharing_enabled":true,"jetpack_featured_media_url":"https:\/\/i0.wp.com\/portrasdanoticia.com.br\/wp-content\/uploads\/2024\/08\/IMG_6907.jpeg?fit=640%2C480&ssl=1","_links":{"self":[{"href":"https:\/\/portrasdanoticia.com.br\/index.php?rest_route=\/wp\/v2\/posts\/3272","targetHints":{"allow":["GET"]}}],"collection":[{"href":"https:\/\/portrasdanoticia.com.br\/index.php?rest_route=\/wp\/v2\/posts"}],"about":[{"href":"https:\/\/portrasdanoticia.com.br\/index.php?rest_route=\/wp\/v2\/types\/post"}],"author":[{"embeddable":true,"href":"https:\/\/portrasdanoticia.com.br\/index.php?rest_route=\/wp\/v2\/users\/4"}],"replies":[{"embeddable":true,"href":"https:\/\/portrasdanoticia.com.br\/index.php?rest_route=%2Fwp%2Fv2%2Fcomments&post=3272"}],"version-history":[{"count":1,"href":"https:\/\/portrasdanoticia.com.br\/index.php?rest_route=\/wp\/v2\/posts\/3272\/revisions"}],"predecessor-version":[{"id":3274,"href":"https:\/\/portrasdanoticia.com.br\/index.php?rest_route=\/wp\/v2\/posts\/3272\/revisions\/3274"}],"wp:featuredmedia":[{"embeddable":true,"href":"https:\/\/portrasdanoticia.com.br\/index.php?rest_route=\/wp\/v2\/media\/3273"}],"wp:attachment":[{"href":"https:\/\/portrasdanoticia.com.br\/index.php?rest_route=%2Fwp%2Fv2%2Fmedia&parent=3272"}],"wp:term":[{"taxonomy":"category","embeddable":true,"href":"https:\/\/portrasdanoticia.com.br\/index.php?rest_route=%2Fwp%2Fv2%2Fcategories&post=3272"},{"taxonomy":"post_tag","embeddable":true,"href":"https:\/\/portrasdanoticia.com.br\/index.php?rest_route=%2Fwp%2Fv2%2Ftags&post=3272"}],"curies":[{"name":"wp","href":"https:\/\/api.w.org\/{rel}","templated":true}]}}