{"id":3467,"date":"2024-10-10T13:35:31","date_gmt":"2024-10-10T16:35:31","guid":{"rendered":"https:\/\/portrasdanoticia.com.br\/?p=3467"},"modified":"2024-10-10T13:35:32","modified_gmt":"2024-10-10T16:35:32","slug":"furacao-milton-causa-mortes-enchentes-e-deixa-32-milhoes-sem-luz-na-florida","status":"publish","type":"post","link":"https:\/\/portrasdanoticia.com.br\/?p=3467","title":{"rendered":"Furac\u00e3o Milton causa mortes, enchentes e deixa 3,2 milh\u00f5es sem luz na Fl\u00f3rida"},"content":{"rendered":"\n<p>O furac\u00e3o Milton, descrito como um dos mais potentes das \u00faltimas d\u00e9cadas, tocou o solo da Fl\u00f3rida na noite de quarta-feira (9) como categoria 3, caiu para a classifica\u00e7\u00e3o 1 durante a madrugada, mas j\u00e1 causou diversos estragos. Cidades sofrem com enchentes, ao menos 3,2 milh\u00f5es de pontos est\u00e3o sem luz, e h\u00e1 relatos das primeiras mortes.<\/p>\n\n\n\n<p>Segundo a TV Globo, ao menos quatro pessoas morreram em uma comunidade de idosos ap\u00f3s a passagem dos ventos por Fort Pierce, na costa leste da Fl\u00f3rida.&nbsp; O governo da Fl\u00f3rida ainda n\u00e3o havia confirmado oficialmente estas v\u00edtimas.<\/p>\n\n\n\n<p>O fen\u00f4meno chegou \u00e0 costa por volta das 20h40 no hor\u00e1rio local (21h40 de Bras\u00edlia), quando tinha ventos de at\u00e9 195 km\/h. Entrou em terra pela pequena Siesta Key, a cerca de 180 km a sudoeste da tur\u00edstica Orlando.<\/p>\n\n\n\n<p>Considerado \u201cextremamente perigoso\u201d, o Milton j\u00e1 tinha provocado estragos antes mesmo de chegar \u00e0 terra firme. Ao longo desta quarta, a Fl\u00f3rida foi atingida por ao menos 19 tornados, fen\u00f4menos que ocorreram devido \u00e0 mudan\u00e7a do clima e da aproxima\u00e7\u00e3o do furac\u00e3o, segundo especialistas.<\/p>\n\n\n\n<p>O governador da Fl\u00f3rida, Ron DeSantis, disse esperar que a ba\u00eda de Tampa, antes vista como o poss\u00edvel alvo principal, pudesse escapar de danos maiores, mas o furac\u00e3o deixou sua marca, destruindo o telhado do Tropicana Field, o est\u00e1dio do time de beisebol Tampa Bay Rays.<\/p>\n\n\n\n<p>Os ventos tamb\u00e9m derrubaram um grande guindaste de constru\u00e7\u00e3o em S\u00e3o Petersburgo, fazendo a estrutura desabar em uma rua deserta.<\/p>\n\n\n\n<p>(Com informa\u00e7\u00f5es do jornal Folha de S. Paulo)<\/p>\n","protected":false},"excerpt":{"rendered":"<p>O furac\u00e3o Milton, descrito como um dos mais potentes das \u00faltimas d\u00e9cadas, tocou o solo da Fl\u00f3rida na noite de quarta-feira (9) como categoria 3, caiu para a classifica\u00e7\u00e3o 1 durante a madrugada, mas j\u00e1 causou diversos estragos. Cidades sofrem com enchentes, ao menos 3,2 milh\u00f5es de pontos est\u00e3o sem luz, e h\u00e1 relatos das&#8230;<\/p>\n","protected":false},"author":3,"featured_media":3468,"comment_status":"open","ping_status":"open","sticky":false,"template":"","format":"standard","meta":{"_jetpack_memberships_contains_paid_content":false,"footnotes":""},"categories":[31],"tags":[],"class_list":["post-3467","post","type-post","status-publish","format-standard","has-post-thumbnail","hentry","category-mundo"],"yoast_head":"<!-- This site is optimized with the Yoast SEO plugin v26.8 - https:\/\/yoast.com\/product\/yoast-seo-wordpress\/ -->\n<title>Furac\u00e3o Milton causa mortes, enchentes e deixa 3,2 milh\u00f5es sem luz na Fl\u00f3rida - Por Tr\u00e1s da Not\u00edcia<\/title>\n<meta name=\"robots\" content=\"index, follow, max-snippet:-1, max-image-preview:large, max-video-preview:-1\" \/>\n<link rel=\"canonical\" href=\"https:\/\/portrasdanoticia.com.br\/?p=3467\" \/>\n<meta property=\"og:locale\" content=\"pt_BR\" \/>\n<meta property=\"og:type\" content=\"article\" \/>\n<meta property=\"og:title\" content=\"Furac\u00e3o Milton causa mortes, enchentes e deixa 3,2 milh\u00f5es sem luz na Fl\u00f3rida - Por Tr\u00e1s da Not\u00edcia\" \/>\n<meta property=\"og:description\" content=\"O furac\u00e3o Milton, descrito como um dos mais potentes das \u00faltimas d\u00e9cadas, tocou o solo da Fl\u00f3rida na noite de quarta-feira (9) como categoria 3, caiu para a classifica\u00e7\u00e3o 1 durante a madrugada, mas j\u00e1 causou diversos estragos. Cidades sofrem com enchentes, ao menos 3,2 milh\u00f5es de pontos est\u00e3o sem luz, e h\u00e1 relatos das...\" \/>\n<meta property=\"og:url\" content=\"https:\/\/portrasdanoticia.com.br\/?p=3467\" \/>\n<meta property=\"og:site_name\" content=\"Por Tr\u00e1s da Not\u00edcia\" \/>\n<meta property=\"article:published_time\" content=\"2024-10-10T16:35:31+00:00\" \/>\n<meta property=\"article:modified_time\" content=\"2024-10-10T16:35:32+00:00\" \/>\n<meta property=\"og:image\" content=\"http:\/\/portrasdanoticia.com.br\/wp-content\/uploads\/2024\/10\/furacao.jpg\" \/>\n\t<meta property=\"og:image:width\" content=\"600\" \/>\n\t<meta property=\"og:image:height\" content=\"420\" \/>\n\t<meta property=\"og:image:type\" content=\"image\/jpeg\" \/>\n<meta name=\"author\" content=\"Colunista02\" \/>\n<meta name=\"twitter:card\" content=\"summary_large_image\" \/>\n<meta name=\"twitter:label1\" content=\"Escrito por\" \/>\n\t<meta name=\"twitter:data1\" content=\"Colunista02\" \/>\n\t<meta name=\"twitter:label2\" content=\"Est. tempo de leitura\" \/>\n\t<meta name=\"twitter:data2\" content=\"2 minutos\" \/>\n<script type=\"application\/ld+json\" class=\"yoast-schema-graph\">{\"@context\":\"https:\/\/schema.org\",\"@graph\":[{\"@type\":\"Article\",\"@id\":\"https:\/\/portrasdanoticia.com.br\/?p=3467#article\",\"isPartOf\":{\"@id\":\"https:\/\/portrasdanoticia.com.br\/?p=3467\"},\"author\":{\"name\":\"Colunista02\",\"@id\":\"https:\/\/portrasdanoticia.com.br\/#\/schema\/person\/9c0127647bcfb3db44a2c6108d0d1192\"},\"headline\":\"Furac\u00e3o Milton causa mortes, enchentes e deixa 3,2 milh\u00f5es sem luz na Fl\u00f3rida\",\"datePublished\":\"2024-10-10T16:35:31+00:00\",\"dateModified\":\"2024-10-10T16:35:32+00:00\",\"mainEntityOfPage\":{\"@id\":\"https:\/\/portrasdanoticia.com.br\/?p=3467\"},\"wordCount\":288,\"commentCount\":0,\"publisher\":{\"@id\":\"https:\/\/portrasdanoticia.com.br\/#organization\"},\"image\":{\"@id\":\"https:\/\/portrasdanoticia.com.br\/?p=3467#primaryimage\"},\"thumbnailUrl\":\"https:\/\/i0.wp.com\/portrasdanoticia.com.br\/wp-content\/uploads\/2024\/10\/furacao.jpg?fit=600%2C420&ssl=1\",\"articleSection\":[\"Mundo\"],\"inLanguage\":\"pt-BR\",\"potentialAction\":[{\"@type\":\"CommentAction\",\"name\":\"Comment\",\"target\":[\"https:\/\/portrasdanoticia.com.br\/?p=3467#respond\"]}]},{\"@type\":\"WebPage\",\"@id\":\"https:\/\/portrasdanoticia.com.br\/?p=3467\",\"url\":\"https:\/\/portrasdanoticia.com.br\/?p=3467\",\"name\":\"Furac\u00e3o Milton causa mortes, enchentes e deixa 3,2 milh\u00f5es sem luz na Fl\u00f3rida - Por Tr\u00e1s da Not\u00edcia\",\"isPartOf\":{\"@id\":\"https:\/\/portrasdanoticia.com.br\/#website\"},\"primaryImageOfPage\":{\"@id\":\"https:\/\/portrasdanoticia.com.br\/?p=3467#primaryimage\"},\"image\":{\"@id\":\"https:\/\/portrasdanoticia.com.br\/?p=3467#primaryimage\"},\"thumbnailUrl\":\"https:\/\/i0.wp.com\/portrasdanoticia.com.br\/wp-content\/uploads\/2024\/10\/furacao.jpg?fit=600%2C420&ssl=1\",\"datePublished\":\"2024-10-10T16:35:31+00:00\",\"dateModified\":\"2024-10-10T16:35:32+00:00\",\"breadcrumb\":{\"@id\":\"https:\/\/portrasdanoticia.com.br\/?p=3467#breadcrumb\"},\"inLanguage\":\"pt-BR\",\"potentialAction\":[{\"@type\":\"ReadAction\",\"target\":[\"https:\/\/portrasdanoticia.com.br\/?p=3467\"]}]},{\"@type\":\"ImageObject\",\"inLanguage\":\"pt-BR\",\"@id\":\"https:\/\/portrasdanoticia.com.br\/?p=3467#primaryimage\",\"url\":\"https:\/\/i0.wp.com\/portrasdanoticia.com.br\/wp-content\/uploads\/2024\/10\/furacao.jpg?fit=600%2C420&ssl=1\",\"contentUrl\":\"https:\/\/i0.wp.com\/portrasdanoticia.com.br\/wp-content\/uploads\/2024\/10\/furacao.jpg?fit=600%2C420&ssl=1\",\"width\":600,\"height\":420},{\"@type\":\"BreadcrumbList\",\"@id\":\"https:\/\/portrasdanoticia.com.br\/?p=3467#breadcrumb\",\"itemListElement\":[{\"@type\":\"ListItem\",\"position\":1,\"name\":\"In\u00edcio\",\"item\":\"https:\/\/portrasdanoticia.com.br\/\"},{\"@type\":\"ListItem\",\"position\":2,\"name\":\"Furac\u00e3o Milton causa mortes, enchentes e deixa 3,2 milh\u00f5es sem luz na Fl\u00f3rida\"}]},{\"@type\":\"WebSite\",\"@id\":\"https:\/\/portrasdanoticia.com.br\/#website\",\"url\":\"https:\/\/portrasdanoticia.com.br\/\",\"name\":\"Por tr\u00e1s da Not\u00edcia\",\"description\":\"\",\"publisher\":{\"@id\":\"https:\/\/portrasdanoticia.com.br\/#organization\"},\"potentialAction\":[{\"@type\":\"SearchAction\",\"target\":{\"@type\":\"EntryPoint\",\"urlTemplate\":\"https:\/\/portrasdanoticia.com.br\/?s={search_term_string}\"},\"query-input\":{\"@type\":\"PropertyValueSpecification\",\"valueRequired\":true,\"valueName\":\"search_term_string\"}}],\"inLanguage\":\"pt-BR\"},{\"@type\":\"Organization\",\"@id\":\"https:\/\/portrasdanoticia.com.br\/#organization\",\"name\":\"Por tr\u00e1s da Not\u00edcia\",\"url\":\"https:\/\/portrasdanoticia.com.br\/\",\"logo\":{\"@type\":\"ImageObject\",\"inLanguage\":\"pt-BR\",\"@id\":\"https:\/\/portrasdanoticia.com.br\/#\/schema\/logo\/image\/\",\"url\":\"https:\/\/i0.wp.com\/portrasdanoticia.com.br\/wp-content\/uploads\/2024\/03\/cropped-photo_4911184121477311577_y.jpg?fit=975%2C367&ssl=1\",\"contentUrl\":\"https:\/\/i0.wp.com\/portrasdanoticia.com.br\/wp-content\/uploads\/2024\/03\/cropped-photo_4911184121477311577_y.jpg?fit=975%2C367&ssl=1\",\"width\":975,\"height\":367,\"caption\":\"Por tr\u00e1s da Not\u00edcia\"},\"image\":{\"@id\":\"https:\/\/portrasdanoticia.com.br\/#\/schema\/logo\/image\/\"}},{\"@type\":\"Person\",\"@id\":\"https:\/\/portrasdanoticia.com.br\/#\/schema\/person\/9c0127647bcfb3db44a2c6108d0d1192\",\"name\":\"Colunista02\",\"image\":{\"@type\":\"ImageObject\",\"inLanguage\":\"pt-BR\",\"@id\":\"https:\/\/portrasdanoticia.com.br\/#\/schema\/person\/image\/\",\"url\":\"https:\/\/secure.gravatar.com\/avatar\/e5c6e9a3d1a4c234d8f054b59de3dd17?s=96&d=mm&r=g\",\"contentUrl\":\"https:\/\/secure.gravatar.com\/avatar\/e5c6e9a3d1a4c234d8f054b59de3dd17?s=96&d=mm&r=g\",\"caption\":\"Colunista02\"},\"sameAs\":[\"https:\/\/portrasdanoticia.com.br\/\"],\"url\":\"https:\/\/portrasdanoticia.com.br\/?author=3\"}]}<\/script>\n<!-- \/ Yoast SEO plugin. -->","yoast_head_json":{"title":"Furac\u00e3o Milton causa mortes, enchentes e deixa 3,2 milh\u00f5es sem luz na Fl\u00f3rida - Por Tr\u00e1s da Not\u00edcia","robots":{"index":"index","follow":"follow","max-snippet":"max-snippet:-1","max-image-preview":"max-image-preview:large","max-video-preview":"max-video-preview:-1"},"canonical":"https:\/\/portrasdanoticia.com.br\/?p=3467","og_locale":"pt_BR","og_type":"article","og_title":"Furac\u00e3o Milton causa mortes, enchentes e deixa 3,2 milh\u00f5es sem luz na Fl\u00f3rida - Por Tr\u00e1s da Not\u00edcia","og_description":"O furac\u00e3o Milton, descrito como um dos mais potentes das \u00faltimas d\u00e9cadas, tocou o solo da Fl\u00f3rida na noite de quarta-feira (9) como categoria 3, caiu para a classifica\u00e7\u00e3o 1 durante a madrugada, mas j\u00e1 causou diversos estragos. Cidades sofrem com enchentes, ao menos 3,2 milh\u00f5es de pontos est\u00e3o sem luz, e h\u00e1 relatos das...","og_url":"https:\/\/portrasdanoticia.com.br\/?p=3467","og_site_name":"Por Tr\u00e1s da Not\u00edcia","article_published_time":"2024-10-10T16:35:31+00:00","article_modified_time":"2024-10-10T16:35:32+00:00","og_image":[{"width":600,"height":420,"url":"http:\/\/portrasdanoticia.com.br\/wp-content\/uploads\/2024\/10\/furacao.jpg","type":"image\/jpeg"}],"author":"Colunista02","twitter_card":"summary_large_image","twitter_misc":{"Escrito por":"Colunista02","Est. tempo de leitura":"2 minutos"},"schema":{"@context":"https:\/\/schema.org","@graph":[{"@type":"Article","@id":"https:\/\/portrasdanoticia.com.br\/?p=3467#article","isPartOf":{"@id":"https:\/\/portrasdanoticia.com.br\/?p=3467"},"author":{"name":"Colunista02","@id":"https:\/\/portrasdanoticia.com.br\/#\/schema\/person\/9c0127647bcfb3db44a2c6108d0d1192"},"headline":"Furac\u00e3o Milton causa mortes, enchentes e deixa 3,2 milh\u00f5es sem luz na Fl\u00f3rida","datePublished":"2024-10-10T16:35:31+00:00","dateModified":"2024-10-10T16:35:32+00:00","mainEntityOfPage":{"@id":"https:\/\/portrasdanoticia.com.br\/?p=3467"},"wordCount":288,"commentCount":0,"publisher":{"@id":"https:\/\/portrasdanoticia.com.br\/#organization"},"image":{"@id":"https:\/\/portrasdanoticia.com.br\/?p=3467#primaryimage"},"thumbnailUrl":"https:\/\/i0.wp.com\/portrasdanoticia.com.br\/wp-content\/uploads\/2024\/10\/furacao.jpg?fit=600%2C420&ssl=1","articleSection":["Mundo"],"inLanguage":"pt-BR","potentialAction":[{"@type":"CommentAction","name":"Comment","target":["https:\/\/portrasdanoticia.com.br\/?p=3467#respond"]}]},{"@type":"WebPage","@id":"https:\/\/portrasdanoticia.com.br\/?p=3467","url":"https:\/\/portrasdanoticia.com.br\/?p=3467","name":"Furac\u00e3o Milton causa mortes, enchentes e deixa 3,2 milh\u00f5es sem luz na Fl\u00f3rida - Por Tr\u00e1s da Not\u00edcia","isPartOf":{"@id":"https:\/\/portrasdanoticia.com.br\/#website"},"primaryImageOfPage":{"@id":"https:\/\/portrasdanoticia.com.br\/?p=3467#primaryimage"},"image":{"@id":"https:\/\/portrasdanoticia.com.br\/?p=3467#primaryimage"},"thumbnailUrl":"https:\/\/i0.wp.com\/portrasdanoticia.com.br\/wp-content\/uploads\/2024\/10\/furacao.jpg?fit=600%2C420&ssl=1","datePublished":"2024-10-10T16:35:31+00:00","dateModified":"2024-10-10T16:35:32+00:00","breadcrumb":{"@id":"https:\/\/portrasdanoticia.com.br\/?p=3467#breadcrumb"},"inLanguage":"pt-BR","potentialAction":[{"@type":"ReadAction","target":["https:\/\/portrasdanoticia.com.br\/?p=3467"]}]},{"@type":"ImageObject","inLanguage":"pt-BR","@id":"https:\/\/portrasdanoticia.com.br\/?p=3467#primaryimage","url":"https:\/\/i0.wp.com\/portrasdanoticia.com.br\/wp-content\/uploads\/2024\/10\/furacao.jpg?fit=600%2C420&ssl=1","contentUrl":"https:\/\/i0.wp.com\/portrasdanoticia.com.br\/wp-content\/uploads\/2024\/10\/furacao.jpg?fit=600%2C420&ssl=1","width":600,"height":420},{"@type":"BreadcrumbList","@id":"https:\/\/portrasdanoticia.com.br\/?p=3467#breadcrumb","itemListElement":[{"@type":"ListItem","position":1,"name":"In\u00edcio","item":"https:\/\/portrasdanoticia.com.br\/"},{"@type":"ListItem","position":2,"name":"Furac\u00e3o Milton causa mortes, enchentes e deixa 3,2 milh\u00f5es sem luz na Fl\u00f3rida"}]},{"@type":"WebSite","@id":"https:\/\/portrasdanoticia.com.br\/#website","url":"https:\/\/portrasdanoticia.com.br\/","name":"Por tr\u00e1s da Not\u00edcia","description":"","publisher":{"@id":"https:\/\/portrasdanoticia.com.br\/#organization"},"potentialAction":[{"@type":"SearchAction","target":{"@type":"EntryPoint","urlTemplate":"https:\/\/portrasdanoticia.com.br\/?s={search_term_string}"},"query-input":{"@type":"PropertyValueSpecification","valueRequired":true,"valueName":"search_term_string"}}],"inLanguage":"pt-BR"},{"@type":"Organization","@id":"https:\/\/portrasdanoticia.com.br\/#organization","name":"Por tr\u00e1s da Not\u00edcia","url":"https:\/\/portrasdanoticia.com.br\/","logo":{"@type":"ImageObject","inLanguage":"pt-BR","@id":"https:\/\/portrasdanoticia.com.br\/#\/schema\/logo\/image\/","url":"https:\/\/i0.wp.com\/portrasdanoticia.com.br\/wp-content\/uploads\/2024\/03\/cropped-photo_4911184121477311577_y.jpg?fit=975%2C367&ssl=1","contentUrl":"https:\/\/i0.wp.com\/portrasdanoticia.com.br\/wp-content\/uploads\/2024\/03\/cropped-photo_4911184121477311577_y.jpg?fit=975%2C367&ssl=1","width":975,"height":367,"caption":"Por tr\u00e1s da Not\u00edcia"},"image":{"@id":"https:\/\/portrasdanoticia.com.br\/#\/schema\/logo\/image\/"}},{"@type":"Person","@id":"https:\/\/portrasdanoticia.com.br\/#\/schema\/person\/9c0127647bcfb3db44a2c6108d0d1192","name":"Colunista02","image":{"@type":"ImageObject","inLanguage":"pt-BR","@id":"https:\/\/portrasdanoticia.com.br\/#\/schema\/person\/image\/","url":"https:\/\/secure.gravatar.com\/avatar\/e5c6e9a3d1a4c234d8f054b59de3dd17?s=96&d=mm&r=g","contentUrl":"https:\/\/secure.gravatar.com\/avatar\/e5c6e9a3d1a4c234d8f054b59de3dd17?s=96&d=mm&r=g","caption":"Colunista02"},"sameAs":["https:\/\/portrasdanoticia.com.br\/"],"url":"https:\/\/portrasdanoticia.com.br\/?author=3"}]}},"jetpack_sharing_enabled":true,"jetpack_featured_media_url":"https:\/\/i0.wp.com\/portrasdanoticia.com.br\/wp-content\/uploads\/2024\/10\/furacao.jpg?fit=600%2C420&ssl=1","_links":{"self":[{"href":"https:\/\/portrasdanoticia.com.br\/index.php?rest_route=\/wp\/v2\/posts\/3467","targetHints":{"allow":["GET"]}}],"collection":[{"href":"https:\/\/portrasdanoticia.com.br\/index.php?rest_route=\/wp\/v2\/posts"}],"about":[{"href":"https:\/\/portrasdanoticia.com.br\/index.php?rest_route=\/wp\/v2\/types\/post"}],"author":[{"embeddable":true,"href":"https:\/\/portrasdanoticia.com.br\/index.php?rest_route=\/wp\/v2\/users\/3"}],"replies":[{"embeddable":true,"href":"https:\/\/portrasdanoticia.com.br\/index.php?rest_route=%2Fwp%2Fv2%2Fcomments&post=3467"}],"version-history":[{"count":1,"href":"https:\/\/portrasdanoticia.com.br\/index.php?rest_route=\/wp\/v2\/posts\/3467\/revisions"}],"predecessor-version":[{"id":3469,"href":"https:\/\/portrasdanoticia.com.br\/index.php?rest_route=\/wp\/v2\/posts\/3467\/revisions\/3469"}],"wp:featuredmedia":[{"embeddable":true,"href":"https:\/\/portrasdanoticia.com.br\/index.php?rest_route=\/wp\/v2\/media\/3468"}],"wp:attachment":[{"href":"https:\/\/portrasdanoticia.com.br\/index.php?rest_route=%2Fwp%2Fv2%2Fmedia&parent=3467"}],"wp:term":[{"taxonomy":"category","embeddable":true,"href":"https:\/\/portrasdanoticia.com.br\/index.php?rest_route=%2Fwp%2Fv2%2Fcategories&post=3467"},{"taxonomy":"post_tag","embeddable":true,"href":"https:\/\/portrasdanoticia.com.br\/index.php?rest_route=%2Fwp%2Fv2%2Ftags&post=3467"}],"curies":[{"name":"wp","href":"https:\/\/api.w.org\/{rel}","templated":true}]}}