{"id":3555,"date":"2024-10-30T18:17:54","date_gmt":"2024-10-30T21:17:54","guid":{"rendered":"https:\/\/portrasdanoticia.com.br\/?p=3555"},"modified":"2024-10-30T18:17:56","modified_gmt":"2024-10-30T21:17:56","slug":"capacitacao-do-sipia-ct-reune-conselheiros-e-profissionais-da-assistencia-social-em-nilo-pecanha","status":"publish","type":"post","link":"https:\/\/portrasdanoticia.com.br\/?p=3555","title":{"rendered":"Capacita\u00e7\u00e3o do SIPIA-CT re\u00fane Conselheiros e Profissionais da Assist\u00eancia Social em Nilo Pe\u00e7anha"},"content":{"rendered":"\n<p><strong>Evento busca aprimorar a\u00e7\u00f5es de prote\u00e7\u00e3o aos direitos de crian\u00e7as e adolescentes no Baixo Sul da Bahia<\/strong><\/p>\n\n\n\n<p>Nilo Pe\u00e7anha, cidade do Baixo Sul da Bahia, sedia nesta quarta-feira e quinta-feira, dias 30 e 31 de outubro, a Capacita\u00e7\u00e3o Presencial do Sistema de Informa\u00e7\u00f5es para Inf\u00e2ncia e Adolesc\u00eancia &#8211; Conselho Tutelar (SIPIA-CT). O encontro re\u00fane Conselheiros Tutelares, Conselheiros Municipais dos Direitos da Crian\u00e7a e do Adolescente, bem como profissionais da Assist\u00eancia Social de diversos munic\u00edpios da regi\u00e3o.<\/p>\n\n\n\n<p>A capacita\u00e7\u00e3o tem como objetivo aprimorar o uso do SIPIA-CT, um sistema fundamental para o registro e acompanhamento de informa\u00e7\u00f5es que garantem a prote\u00e7\u00e3o de crian\u00e7as e adolescentes em situa\u00e7\u00e3o de risco. A atividade \u00e9 promovida pela Secretaria de Justi\u00e7a e Direitos Humanos do Estado da Bahia (SJDH), em parceria com o Conselho Estadual dos Direitos da Crian\u00e7a e do Adolescente (CECA) e a Prefeitura de Nilo Pe\u00e7anha.<\/p>\n\n\n\n<p>Para os organizadores, a qualifica\u00e7\u00e3o t\u00e9cnica dos participantes \u00e9 essencial para tornar mais eficiente o atendimento e garantir a seguran\u00e7a dos jovens em situa\u00e7\u00e3o vulner\u00e1vel. Al\u00e9m da capacita\u00e7\u00e3o, uma equipe t\u00e9cnica do Estado est\u00e1 oferecendo orienta\u00e7\u00f5es aos gestores municipais sobre a elabora\u00e7\u00e3o do Relat\u00f3rio de Gest\u00e3o das Pol\u00edticas da Inf\u00e2ncia, Adolesc\u00eancia e Assist\u00eancia Social, bem como do Relat\u00f3rio de Transi\u00e7\u00e3o de Governo. Este Relat\u00f3rio de Gest\u00e3o \u00e9 um instrumento essencial para avaliar as a\u00e7\u00f5es desenvolvidas e tra\u00e7ar estrat\u00e9gias futuras, com o objetivo de fortalecer as pol\u00edticas p\u00fablicas voltadas \u00e0 inf\u00e2ncia e juventude.<\/p>\n\n\n\n<p>\u201cEstamos juntos em mais uma a\u00e7\u00e3o que fortalece a prote\u00e7\u00e3o e promo\u00e7\u00e3o dos direitos das nossas crian\u00e7as e adolescentes\u201d, ressaltou a prefeita de Nilo Pe\u00e7anha, Jacqueline Soares. A iniciativa sublinha a import\u00e2ncia de profissionais bem preparados para enfrentar os desafios cotidianos na prote\u00e7\u00e3o dos direitos da inf\u00e2ncia e adolesc\u00eancia, promovendo uma integra\u00e7\u00e3o entre diferentes esferas do poder p\u00fablico.<\/p>\n\n\n\n<p>Com essas atividades, Nilo Pe\u00e7anha e demais cidades do Baixo Sul refor\u00e7am seu compromisso com a defesa dos direitos das novas gera\u00e7\u00f5es, apostando na qualifica\u00e7\u00e3o como base para o desenvolvimento de pol\u00edticas p\u00fablicas mais eficazes e alinhadas \u00e0s necessidades focais<\/p>\n\n\n\n<figure class=\"wp-block-image size-large\"><img data-recalc-dims=\"1\" loading=\"lazy\" decoding=\"async\" width=\"640\" height=\"480\" src=\"https:\/\/i0.wp.com\/portrasdanoticia.com.br\/wp-content\/uploads\/2024\/10\/8a58d3e7-c403-4451-bb75-ecc65c29178c-1024x768.jpeg?resize=640%2C480&#038;ssl=1\" alt=\"\" class=\"wp-image-3557\" srcset=\"https:\/\/i0.wp.com\/portrasdanoticia.com.br\/wp-content\/uploads\/2024\/10\/8a58d3e7-c403-4451-bb75-ecc65c29178c.jpeg?resize=1024%2C768&amp;ssl=1 1024w, https:\/\/i0.wp.com\/portrasdanoticia.com.br\/wp-content\/uploads\/2024\/10\/8a58d3e7-c403-4451-bb75-ecc65c29178c.jpeg?resize=300%2C225&amp;ssl=1 300w, https:\/\/i0.wp.com\/portrasdanoticia.com.br\/wp-content\/uploads\/2024\/10\/8a58d3e7-c403-4451-bb75-ecc65c29178c.jpeg?resize=768%2C576&amp;ssl=1 768w, https:\/\/i0.wp.com\/portrasdanoticia.com.br\/wp-content\/uploads\/2024\/10\/8a58d3e7-c403-4451-bb75-ecc65c29178c.jpeg?resize=1536%2C1152&amp;ssl=1 1536w, https:\/\/i0.wp.com\/portrasdanoticia.com.br\/wp-content\/uploads\/2024\/10\/8a58d3e7-c403-4451-bb75-ecc65c29178c.jpeg?w=1600&amp;ssl=1 1600w, https:\/\/i0.wp.com\/portrasdanoticia.com.br\/wp-content\/uploads\/2024\/10\/8a58d3e7-c403-4451-bb75-ecc65c29178c.jpeg?w=1280 1280w\" sizes=\"auto, (max-width: 640px) 100vw, 640px\" \/><\/figure>\n\n\n\n<figure class=\"wp-block-image size-large\"><img data-recalc-dims=\"1\" loading=\"lazy\" decoding=\"async\" width=\"640\" height=\"480\" src=\"https:\/\/i0.wp.com\/portrasdanoticia.com.br\/wp-content\/uploads\/2024\/10\/71510738-0271-4fae-836c-e7faf8abdb93-1024x768.jpeg?resize=640%2C480&#038;ssl=1\" alt=\"\" class=\"wp-image-3558\" srcset=\"https:\/\/i0.wp.com\/portrasdanoticia.com.br\/wp-content\/uploads\/2024\/10\/71510738-0271-4fae-836c-e7faf8abdb93.jpeg?resize=1024%2C768&amp;ssl=1 1024w, https:\/\/i0.wp.com\/portrasdanoticia.com.br\/wp-content\/uploads\/2024\/10\/71510738-0271-4fae-836c-e7faf8abdb93.jpeg?resize=300%2C225&amp;ssl=1 300w, https:\/\/i0.wp.com\/portrasdanoticia.com.br\/wp-content\/uploads\/2024\/10\/71510738-0271-4fae-836c-e7faf8abdb93.jpeg?resize=768%2C576&amp;ssl=1 768w, https:\/\/i0.wp.com\/portrasdanoticia.com.br\/wp-content\/uploads\/2024\/10\/71510738-0271-4fae-836c-e7faf8abdb93.jpeg?resize=1536%2C1152&amp;ssl=1 1536w, https:\/\/i0.wp.com\/portrasdanoticia.com.br\/wp-content\/uploads\/2024\/10\/71510738-0271-4fae-836c-e7faf8abdb93.jpeg?w=1600&amp;ssl=1 1600w, https:\/\/i0.wp.com\/portrasdanoticia.com.br\/wp-content\/uploads\/2024\/10\/71510738-0271-4fae-836c-e7faf8abdb93.jpeg?w=1280 1280w\" sizes=\"auto, (max-width: 640px) 100vw, 640px\" \/><\/figure>\n","protected":false},"excerpt":{"rendered":"<p>Evento busca aprimorar a\u00e7\u00f5es de prote\u00e7\u00e3o aos direitos de crian\u00e7as e adolescentes no Baixo Sul da Bahia Nilo Pe\u00e7anha, cidade do Baixo Sul da Bahia, sedia nesta quarta-feira e quinta-feira, dias 30 e 31 de outubro, a Capacita\u00e7\u00e3o Presencial do Sistema de Informa\u00e7\u00f5es para Inf\u00e2ncia e Adolesc\u00eancia &#8211; Conselho Tutelar (SIPIA-CT). O encontro re\u00fane Conselheiros&#8230;<\/p>\n","protected":false},"author":4,"featured_media":3556,"comment_status":"open","ping_status":"open","sticky":false,"template":"","format":"standard","meta":{"_jetpack_memberships_contains_paid_content":false,"footnotes":""},"categories":[47],"tags":[],"class_list":["post-3555","post","type-post","status-publish","format-standard","has-post-thumbnail","hentry","category-nilo-pecanha"],"yoast_head":"<!-- This site is optimized with the Yoast SEO plugin v26.8 - https:\/\/yoast.com\/product\/yoast-seo-wordpress\/ -->\n<title>Capacita\u00e7\u00e3o do SIPIA-CT re\u00fane Conselheiros e Profissionais da Assist\u00eancia Social em Nilo Pe\u00e7anha - Por Tr\u00e1s da Not\u00edcia<\/title>\n<meta name=\"robots\" content=\"index, follow, max-snippet:-1, max-image-preview:large, max-video-preview:-1\" \/>\n<link rel=\"canonical\" href=\"https:\/\/portrasdanoticia.com.br\/?p=3555\" \/>\n<meta property=\"og:locale\" content=\"pt_BR\" \/>\n<meta property=\"og:type\" content=\"article\" \/>\n<meta property=\"og:title\" content=\"Capacita\u00e7\u00e3o do SIPIA-CT re\u00fane Conselheiros e Profissionais da Assist\u00eancia Social em Nilo Pe\u00e7anha - Por Tr\u00e1s da Not\u00edcia\" \/>\n<meta property=\"og:description\" content=\"Evento busca aprimorar a\u00e7\u00f5es de prote\u00e7\u00e3o aos direitos de crian\u00e7as e adolescentes no Baixo Sul da Bahia Nilo Pe\u00e7anha, cidade do Baixo Sul da Bahia, sedia nesta quarta-feira e quinta-feira, dias 30 e 31 de outubro, a Capacita\u00e7\u00e3o Presencial do Sistema de Informa\u00e7\u00f5es para Inf\u00e2ncia e Adolesc\u00eancia &#8211; Conselho Tutelar (SIPIA-CT). O encontro re\u00fane Conselheiros...\" \/>\n<meta property=\"og:url\" content=\"https:\/\/portrasdanoticia.com.br\/?p=3555\" \/>\n<meta property=\"og:site_name\" content=\"Por Tr\u00e1s da Not\u00edcia\" \/>\n<meta property=\"article:published_time\" content=\"2024-10-30T21:17:54+00:00\" \/>\n<meta property=\"article:modified_time\" content=\"2024-10-30T21:17:56+00:00\" \/>\n<meta property=\"og:image\" content=\"http:\/\/portrasdanoticia.com.br\/wp-content\/uploads\/2024\/10\/04e8f577-794e-47a2-a0fa-9e708bfb89fd.jpeg\" \/>\n\t<meta property=\"og:image:width\" content=\"1600\" \/>\n\t<meta property=\"og:image:height\" content=\"1200\" \/>\n\t<meta property=\"og:image:type\" content=\"image\/jpeg\" \/>\n<meta name=\"author\" content=\"Colunista01\" \/>\n<meta name=\"twitter:card\" content=\"summary_large_image\" \/>\n<meta name=\"twitter:label1\" content=\"Escrito por\" \/>\n\t<meta name=\"twitter:data1\" content=\"Colunista01\" \/>\n\t<meta name=\"twitter:label2\" content=\"Est. tempo de leitura\" \/>\n\t<meta name=\"twitter:data2\" content=\"3 minutos\" \/>\n<script type=\"application\/ld+json\" class=\"yoast-schema-graph\">{\"@context\":\"https:\/\/schema.org\",\"@graph\":[{\"@type\":\"Article\",\"@id\":\"https:\/\/portrasdanoticia.com.br\/?p=3555#article\",\"isPartOf\":{\"@id\":\"https:\/\/portrasdanoticia.com.br\/?p=3555\"},\"author\":{\"name\":\"Colunista01\",\"@id\":\"https:\/\/portrasdanoticia.com.br\/#\/schema\/person\/c82049a66889abc8daf6f947cd4e34f9\"},\"headline\":\"Capacita\u00e7\u00e3o do SIPIA-CT re\u00fane Conselheiros e Profissionais da Assist\u00eancia Social em Nilo Pe\u00e7anha\",\"datePublished\":\"2024-10-30T21:17:54+00:00\",\"dateModified\":\"2024-10-30T21:17:56+00:00\",\"mainEntityOfPage\":{\"@id\":\"https:\/\/portrasdanoticia.com.br\/?p=3555\"},\"wordCount\":409,\"commentCount\":0,\"publisher\":{\"@id\":\"https:\/\/portrasdanoticia.com.br\/#organization\"},\"image\":{\"@id\":\"https:\/\/portrasdanoticia.com.br\/?p=3555#primaryimage\"},\"thumbnailUrl\":\"https:\/\/i0.wp.com\/portrasdanoticia.com.br\/wp-content\/uploads\/2024\/10\/04e8f577-794e-47a2-a0fa-9e708bfb89fd.jpeg?fit=1600%2C1200&ssl=1\",\"articleSection\":[\"Nilo Pe\u00e7anha\"],\"inLanguage\":\"pt-BR\",\"potentialAction\":[{\"@type\":\"CommentAction\",\"name\":\"Comment\",\"target\":[\"https:\/\/portrasdanoticia.com.br\/?p=3555#respond\"]}]},{\"@type\":\"WebPage\",\"@id\":\"https:\/\/portrasdanoticia.com.br\/?p=3555\",\"url\":\"https:\/\/portrasdanoticia.com.br\/?p=3555\",\"name\":\"Capacita\u00e7\u00e3o do SIPIA-CT re\u00fane Conselheiros e Profissionais da Assist\u00eancia Social em Nilo Pe\u00e7anha - Por Tr\u00e1s da Not\u00edcia\",\"isPartOf\":{\"@id\":\"https:\/\/portrasdanoticia.com.br\/#website\"},\"primaryImageOfPage\":{\"@id\":\"https:\/\/portrasdanoticia.com.br\/?p=3555#primaryimage\"},\"image\":{\"@id\":\"https:\/\/portrasdanoticia.com.br\/?p=3555#primaryimage\"},\"thumbnailUrl\":\"https:\/\/i0.wp.com\/portrasdanoticia.com.br\/wp-content\/uploads\/2024\/10\/04e8f577-794e-47a2-a0fa-9e708bfb89fd.jpeg?fit=1600%2C1200&ssl=1\",\"datePublished\":\"2024-10-30T21:17:54+00:00\",\"dateModified\":\"2024-10-30T21:17:56+00:00\",\"breadcrumb\":{\"@id\":\"https:\/\/portrasdanoticia.com.br\/?p=3555#breadcrumb\"},\"inLanguage\":\"pt-BR\",\"potentialAction\":[{\"@type\":\"ReadAction\",\"target\":[\"https:\/\/portrasdanoticia.com.br\/?p=3555\"]}]},{\"@type\":\"ImageObject\",\"inLanguage\":\"pt-BR\",\"@id\":\"https:\/\/portrasdanoticia.com.br\/?p=3555#primaryimage\",\"url\":\"https:\/\/i0.wp.com\/portrasdanoticia.com.br\/wp-content\/uploads\/2024\/10\/04e8f577-794e-47a2-a0fa-9e708bfb89fd.jpeg?fit=1600%2C1200&ssl=1\",\"contentUrl\":\"https:\/\/i0.wp.com\/portrasdanoticia.com.br\/wp-content\/uploads\/2024\/10\/04e8f577-794e-47a2-a0fa-9e708bfb89fd.jpeg?fit=1600%2C1200&ssl=1\",\"width\":1600,\"height\":1200},{\"@type\":\"BreadcrumbList\",\"@id\":\"https:\/\/portrasdanoticia.com.br\/?p=3555#breadcrumb\",\"itemListElement\":[{\"@type\":\"ListItem\",\"position\":1,\"name\":\"In\u00edcio\",\"item\":\"https:\/\/portrasdanoticia.com.br\/\"},{\"@type\":\"ListItem\",\"position\":2,\"name\":\"Capacita\u00e7\u00e3o do SIPIA-CT re\u00fane Conselheiros e Profissionais da Assist\u00eancia Social em Nilo Pe\u00e7anha\"}]},{\"@type\":\"WebSite\",\"@id\":\"https:\/\/portrasdanoticia.com.br\/#website\",\"url\":\"https:\/\/portrasdanoticia.com.br\/\",\"name\":\"Por tr\u00e1s da Not\u00edcia\",\"description\":\"\",\"publisher\":{\"@id\":\"https:\/\/portrasdanoticia.com.br\/#organization\"},\"potentialAction\":[{\"@type\":\"SearchAction\",\"target\":{\"@type\":\"EntryPoint\",\"urlTemplate\":\"https:\/\/portrasdanoticia.com.br\/?s={search_term_string}\"},\"query-input\":{\"@type\":\"PropertyValueSpecification\",\"valueRequired\":true,\"valueName\":\"search_term_string\"}}],\"inLanguage\":\"pt-BR\"},{\"@type\":\"Organization\",\"@id\":\"https:\/\/portrasdanoticia.com.br\/#organization\",\"name\":\"Por tr\u00e1s da Not\u00edcia\",\"url\":\"https:\/\/portrasdanoticia.com.br\/\",\"logo\":{\"@type\":\"ImageObject\",\"inLanguage\":\"pt-BR\",\"@id\":\"https:\/\/portrasdanoticia.com.br\/#\/schema\/logo\/image\/\",\"url\":\"https:\/\/i0.wp.com\/portrasdanoticia.com.br\/wp-content\/uploads\/2024\/03\/cropped-photo_4911184121477311577_y.jpg?fit=975%2C367&ssl=1\",\"contentUrl\":\"https:\/\/i0.wp.com\/portrasdanoticia.com.br\/wp-content\/uploads\/2024\/03\/cropped-photo_4911184121477311577_y.jpg?fit=975%2C367&ssl=1\",\"width\":975,\"height\":367,\"caption\":\"Por tr\u00e1s da Not\u00edcia\"},\"image\":{\"@id\":\"https:\/\/portrasdanoticia.com.br\/#\/schema\/logo\/image\/\"}},{\"@type\":\"Person\",\"@id\":\"https:\/\/portrasdanoticia.com.br\/#\/schema\/person\/c82049a66889abc8daf6f947cd4e34f9\",\"name\":\"Colunista01\",\"image\":{\"@type\":\"ImageObject\",\"inLanguage\":\"pt-BR\",\"@id\":\"https:\/\/portrasdanoticia.com.br\/#\/schema\/person\/image\/\",\"url\":\"https:\/\/secure.gravatar.com\/avatar\/bbd2f0a69a82c93c144cbc2d621b8663?s=96&d=mm&r=g\",\"contentUrl\":\"https:\/\/secure.gravatar.com\/avatar\/bbd2f0a69a82c93c144cbc2d621b8663?s=96&d=mm&r=g\",\"caption\":\"Colunista01\"},\"sameAs\":[\"https:\/\/portrasdanoticia.com.br\/\"],\"url\":\"https:\/\/portrasdanoticia.com.br\/?author=4\"}]}<\/script>\n<!-- \/ Yoast SEO plugin. -->","yoast_head_json":{"title":"Capacita\u00e7\u00e3o do SIPIA-CT re\u00fane Conselheiros e Profissionais da Assist\u00eancia Social em Nilo Pe\u00e7anha - Por Tr\u00e1s da Not\u00edcia","robots":{"index":"index","follow":"follow","max-snippet":"max-snippet:-1","max-image-preview":"max-image-preview:large","max-video-preview":"max-video-preview:-1"},"canonical":"https:\/\/portrasdanoticia.com.br\/?p=3555","og_locale":"pt_BR","og_type":"article","og_title":"Capacita\u00e7\u00e3o do SIPIA-CT re\u00fane Conselheiros e Profissionais da Assist\u00eancia Social em Nilo Pe\u00e7anha - Por Tr\u00e1s da Not\u00edcia","og_description":"Evento busca aprimorar a\u00e7\u00f5es de prote\u00e7\u00e3o aos direitos de crian\u00e7as e adolescentes no Baixo Sul da Bahia Nilo Pe\u00e7anha, cidade do Baixo Sul da Bahia, sedia nesta quarta-feira e quinta-feira, dias 30 e 31 de outubro, a Capacita\u00e7\u00e3o Presencial do Sistema de Informa\u00e7\u00f5es para Inf\u00e2ncia e Adolesc\u00eancia &#8211; Conselho Tutelar (SIPIA-CT). O encontro re\u00fane Conselheiros...","og_url":"https:\/\/portrasdanoticia.com.br\/?p=3555","og_site_name":"Por Tr\u00e1s da Not\u00edcia","article_published_time":"2024-10-30T21:17:54+00:00","article_modified_time":"2024-10-30T21:17:56+00:00","og_image":[{"width":1600,"height":1200,"url":"http:\/\/portrasdanoticia.com.br\/wp-content\/uploads\/2024\/10\/04e8f577-794e-47a2-a0fa-9e708bfb89fd.jpeg","type":"image\/jpeg"}],"author":"Colunista01","twitter_card":"summary_large_image","twitter_misc":{"Escrito por":"Colunista01","Est. tempo de leitura":"3 minutos"},"schema":{"@context":"https:\/\/schema.org","@graph":[{"@type":"Article","@id":"https:\/\/portrasdanoticia.com.br\/?p=3555#article","isPartOf":{"@id":"https:\/\/portrasdanoticia.com.br\/?p=3555"},"author":{"name":"Colunista01","@id":"https:\/\/portrasdanoticia.com.br\/#\/schema\/person\/c82049a66889abc8daf6f947cd4e34f9"},"headline":"Capacita\u00e7\u00e3o do SIPIA-CT re\u00fane Conselheiros e Profissionais da Assist\u00eancia Social em Nilo Pe\u00e7anha","datePublished":"2024-10-30T21:17:54+00:00","dateModified":"2024-10-30T21:17:56+00:00","mainEntityOfPage":{"@id":"https:\/\/portrasdanoticia.com.br\/?p=3555"},"wordCount":409,"commentCount":0,"publisher":{"@id":"https:\/\/portrasdanoticia.com.br\/#organization"},"image":{"@id":"https:\/\/portrasdanoticia.com.br\/?p=3555#primaryimage"},"thumbnailUrl":"https:\/\/i0.wp.com\/portrasdanoticia.com.br\/wp-content\/uploads\/2024\/10\/04e8f577-794e-47a2-a0fa-9e708bfb89fd.jpeg?fit=1600%2C1200&ssl=1","articleSection":["Nilo Pe\u00e7anha"],"inLanguage":"pt-BR","potentialAction":[{"@type":"CommentAction","name":"Comment","target":["https:\/\/portrasdanoticia.com.br\/?p=3555#respond"]}]},{"@type":"WebPage","@id":"https:\/\/portrasdanoticia.com.br\/?p=3555","url":"https:\/\/portrasdanoticia.com.br\/?p=3555","name":"Capacita\u00e7\u00e3o do SIPIA-CT re\u00fane Conselheiros e Profissionais da Assist\u00eancia Social em Nilo Pe\u00e7anha - Por Tr\u00e1s da Not\u00edcia","isPartOf":{"@id":"https:\/\/portrasdanoticia.com.br\/#website"},"primaryImageOfPage":{"@id":"https:\/\/portrasdanoticia.com.br\/?p=3555#primaryimage"},"image":{"@id":"https:\/\/portrasdanoticia.com.br\/?p=3555#primaryimage"},"thumbnailUrl":"https:\/\/i0.wp.com\/portrasdanoticia.com.br\/wp-content\/uploads\/2024\/10\/04e8f577-794e-47a2-a0fa-9e708bfb89fd.jpeg?fit=1600%2C1200&ssl=1","datePublished":"2024-10-30T21:17:54+00:00","dateModified":"2024-10-30T21:17:56+00:00","breadcrumb":{"@id":"https:\/\/portrasdanoticia.com.br\/?p=3555#breadcrumb"},"inLanguage":"pt-BR","potentialAction":[{"@type":"ReadAction","target":["https:\/\/portrasdanoticia.com.br\/?p=3555"]}]},{"@type":"ImageObject","inLanguage":"pt-BR","@id":"https:\/\/portrasdanoticia.com.br\/?p=3555#primaryimage","url":"https:\/\/i0.wp.com\/portrasdanoticia.com.br\/wp-content\/uploads\/2024\/10\/04e8f577-794e-47a2-a0fa-9e708bfb89fd.jpeg?fit=1600%2C1200&ssl=1","contentUrl":"https:\/\/i0.wp.com\/portrasdanoticia.com.br\/wp-content\/uploads\/2024\/10\/04e8f577-794e-47a2-a0fa-9e708bfb89fd.jpeg?fit=1600%2C1200&ssl=1","width":1600,"height":1200},{"@type":"BreadcrumbList","@id":"https:\/\/portrasdanoticia.com.br\/?p=3555#breadcrumb","itemListElement":[{"@type":"ListItem","position":1,"name":"In\u00edcio","item":"https:\/\/portrasdanoticia.com.br\/"},{"@type":"ListItem","position":2,"name":"Capacita\u00e7\u00e3o do SIPIA-CT re\u00fane Conselheiros e Profissionais da Assist\u00eancia Social em Nilo Pe\u00e7anha"}]},{"@type":"WebSite","@id":"https:\/\/portrasdanoticia.com.br\/#website","url":"https:\/\/portrasdanoticia.com.br\/","name":"Por tr\u00e1s da Not\u00edcia","description":"","publisher":{"@id":"https:\/\/portrasdanoticia.com.br\/#organization"},"potentialAction":[{"@type":"SearchAction","target":{"@type":"EntryPoint","urlTemplate":"https:\/\/portrasdanoticia.com.br\/?s={search_term_string}"},"query-input":{"@type":"PropertyValueSpecification","valueRequired":true,"valueName":"search_term_string"}}],"inLanguage":"pt-BR"},{"@type":"Organization","@id":"https:\/\/portrasdanoticia.com.br\/#organization","name":"Por tr\u00e1s da Not\u00edcia","url":"https:\/\/portrasdanoticia.com.br\/","logo":{"@type":"ImageObject","inLanguage":"pt-BR","@id":"https:\/\/portrasdanoticia.com.br\/#\/schema\/logo\/image\/","url":"https:\/\/i0.wp.com\/portrasdanoticia.com.br\/wp-content\/uploads\/2024\/03\/cropped-photo_4911184121477311577_y.jpg?fit=975%2C367&ssl=1","contentUrl":"https:\/\/i0.wp.com\/portrasdanoticia.com.br\/wp-content\/uploads\/2024\/03\/cropped-photo_4911184121477311577_y.jpg?fit=975%2C367&ssl=1","width":975,"height":367,"caption":"Por tr\u00e1s da Not\u00edcia"},"image":{"@id":"https:\/\/portrasdanoticia.com.br\/#\/schema\/logo\/image\/"}},{"@type":"Person","@id":"https:\/\/portrasdanoticia.com.br\/#\/schema\/person\/c82049a66889abc8daf6f947cd4e34f9","name":"Colunista01","image":{"@type":"ImageObject","inLanguage":"pt-BR","@id":"https:\/\/portrasdanoticia.com.br\/#\/schema\/person\/image\/","url":"https:\/\/secure.gravatar.com\/avatar\/bbd2f0a69a82c93c144cbc2d621b8663?s=96&d=mm&r=g","contentUrl":"https:\/\/secure.gravatar.com\/avatar\/bbd2f0a69a82c93c144cbc2d621b8663?s=96&d=mm&r=g","caption":"Colunista01"},"sameAs":["https:\/\/portrasdanoticia.com.br\/"],"url":"https:\/\/portrasdanoticia.com.br\/?author=4"}]}},"jetpack_sharing_enabled":true,"jetpack_featured_media_url":"https:\/\/i0.wp.com\/portrasdanoticia.com.br\/wp-content\/uploads\/2024\/10\/04e8f577-794e-47a2-a0fa-9e708bfb89fd.jpeg?fit=1600%2C1200&ssl=1","_links":{"self":[{"href":"https:\/\/portrasdanoticia.com.br\/index.php?rest_route=\/wp\/v2\/posts\/3555","targetHints":{"allow":["GET"]}}],"collection":[{"href":"https:\/\/portrasdanoticia.com.br\/index.php?rest_route=\/wp\/v2\/posts"}],"about":[{"href":"https:\/\/portrasdanoticia.com.br\/index.php?rest_route=\/wp\/v2\/types\/post"}],"author":[{"embeddable":true,"href":"https:\/\/portrasdanoticia.com.br\/index.php?rest_route=\/wp\/v2\/users\/4"}],"replies":[{"embeddable":true,"href":"https:\/\/portrasdanoticia.com.br\/index.php?rest_route=%2Fwp%2Fv2%2Fcomments&post=3555"}],"version-history":[{"count":1,"href":"https:\/\/portrasdanoticia.com.br\/index.php?rest_route=\/wp\/v2\/posts\/3555\/revisions"}],"predecessor-version":[{"id":3559,"href":"https:\/\/portrasdanoticia.com.br\/index.php?rest_route=\/wp\/v2\/posts\/3555\/revisions\/3559"}],"wp:featuredmedia":[{"embeddable":true,"href":"https:\/\/portrasdanoticia.com.br\/index.php?rest_route=\/wp\/v2\/media\/3556"}],"wp:attachment":[{"href":"https:\/\/portrasdanoticia.com.br\/index.php?rest_route=%2Fwp%2Fv2%2Fmedia&parent=3555"}],"wp:term":[{"taxonomy":"category","embeddable":true,"href":"https:\/\/portrasdanoticia.com.br\/index.php?rest_route=%2Fwp%2Fv2%2Fcategories&post=3555"},{"taxonomy":"post_tag","embeddable":true,"href":"https:\/\/portrasdanoticia.com.br\/index.php?rest_route=%2Fwp%2Fv2%2Ftags&post=3555"}],"curies":[{"name":"wp","href":"https:\/\/api.w.org\/{rel}","templated":true}]}}