{"id":4060,"date":"2025-06-09T10:59:21","date_gmt":"2025-06-09T13:59:21","guid":{"rendered":"https:\/\/portrasdanoticia.com.br\/?p=4060"},"modified":"2025-06-09T10:59:23","modified_gmt":"2025-06-09T13:59:23","slug":"valenca-realiza-audiencia-publica-para-construcao-do-ppa-2026-2029","status":"publish","type":"post","link":"https:\/\/portrasdanoticia.com.br\/?p=4060","title":{"rendered":"Valen\u00e7a realiza Audi\u00eancia P\u00fablica para constru\u00e7\u00e3o do PPA 2026-2029"},"content":{"rendered":"\n<p>A audi\u00eancia aconteceu nesta sexta-feira (6), no Plen\u00e1rio da C\u00e2mara de Vereadores, com o objetivo de discutir a elabora\u00e7\u00e3o do Plano Plurianual (PPA) para o per\u00edodo de 2026 a 2029.<\/p>\n\n\n\n<p>O PPA \u00e9 um instrumento de planejamento das pol\u00edticas p\u00fablicas de um munic\u00edpio, que define as diretrizes, objetivos e metas da administra\u00e7\u00e3o para os pr\u00f3ximos quatro anos.<\/p>\n\n\n\n<p>A audi\u00eancia p\u00fablica \u00e9 uma etapa fundamental desse processo. \u00c9 o momento em que a sociedade \u00e9 convidada a participar ativamente da constru\u00e7\u00e3o das pol\u00edticas p\u00fablicas, sugerindo, debatendo e contribuindo com propostas que reflitam as reais necessidades da comunidade.<\/p>\n\n\n\n<p>Segundo o Consultor Cont\u00e1bil da C\u00e2mara de Vereadores, Rog\u00e9rio Rocha, at\u00e9 o dia 7 de julho, as propostas populares ser\u00e3o avaliadas e adequadas ao PPA que segue para a sua primeira vota\u00e7\u00e3o no dia 8 de julho.<\/p>\n\n\n\n<p><\/p>\n\n\n\n<p><\/p>\n","protected":false},"excerpt":{"rendered":"<p>A audi\u00eancia aconteceu nesta sexta-feira (6), no Plen\u00e1rio da C\u00e2mara de Vereadores, com o objetivo de discutir a elabora\u00e7\u00e3o do Plano Plurianual (PPA) para o per\u00edodo de 2026 a 2029. O PPA \u00e9 um instrumento de planejamento das pol\u00edticas p\u00fablicas de um munic\u00edpio, que define as diretrizes, objetivos e metas da administra\u00e7\u00e3o para os pr\u00f3ximos&#8230;<\/p>\n","protected":false},"author":4,"featured_media":4061,"comment_status":"open","ping_status":"open","sticky":false,"template":"","format":"standard","meta":{"_jetpack_memberships_contains_paid_content":false,"footnotes":""},"categories":[3],"tags":[],"class_list":["post-4060","post","type-post","status-publish","format-standard","has-post-thumbnail","hentry","category-politica"],"yoast_head":"<!-- This site is optimized with the Yoast SEO plugin v26.8 - https:\/\/yoast.com\/product\/yoast-seo-wordpress\/ -->\n<title>Valen\u00e7a realiza Audi\u00eancia P\u00fablica para constru\u00e7\u00e3o do PPA 2026-2029 - Por Tr\u00e1s da Not\u00edcia<\/title>\n<meta name=\"robots\" content=\"index, follow, max-snippet:-1, max-image-preview:large, max-video-preview:-1\" \/>\n<link rel=\"canonical\" href=\"https:\/\/portrasdanoticia.com.br\/?p=4060\" \/>\n<meta property=\"og:locale\" content=\"pt_BR\" \/>\n<meta property=\"og:type\" content=\"article\" \/>\n<meta property=\"og:title\" content=\"Valen\u00e7a realiza Audi\u00eancia P\u00fablica para constru\u00e7\u00e3o do PPA 2026-2029 - Por Tr\u00e1s da Not\u00edcia\" \/>\n<meta property=\"og:description\" content=\"A audi\u00eancia aconteceu nesta sexta-feira (6), no Plen\u00e1rio da C\u00e2mara de Vereadores, com o objetivo de discutir a elabora\u00e7\u00e3o do Plano Plurianual (PPA) para o per\u00edodo de 2026 a 2029. O PPA \u00e9 um instrumento de planejamento das pol\u00edticas p\u00fablicas de um munic\u00edpio, que define as diretrizes, objetivos e metas da administra\u00e7\u00e3o para os pr\u00f3ximos...\" \/>\n<meta property=\"og:url\" content=\"https:\/\/portrasdanoticia.com.br\/?p=4060\" \/>\n<meta property=\"og:site_name\" content=\"Por Tr\u00e1s da Not\u00edcia\" \/>\n<meta property=\"article:published_time\" content=\"2025-06-09T13:59:21+00:00\" \/>\n<meta property=\"article:modified_time\" content=\"2025-06-09T13:59:23+00:00\" \/>\n<meta property=\"og:image\" content=\"http:\/\/portrasdanoticia.com.br\/wp-content\/uploads\/2025\/06\/ab94b60a-974f-41a9-8843-b60f556cb06f.jpeg\" \/>\n\t<meta property=\"og:image:width\" content=\"1280\" \/>\n\t<meta property=\"og:image:height\" content=\"960\" \/>\n\t<meta property=\"og:image:type\" content=\"image\/jpeg\" \/>\n<meta name=\"author\" content=\"Colunista01\" \/>\n<meta name=\"twitter:card\" content=\"summary_large_image\" \/>\n<meta name=\"twitter:label1\" content=\"Escrito por\" \/>\n\t<meta name=\"twitter:data1\" content=\"Colunista01\" \/>\n\t<meta name=\"twitter:label2\" content=\"Est. tempo de leitura\" \/>\n\t<meta name=\"twitter:data2\" content=\"1 minuto\" \/>\n<script type=\"application\/ld+json\" class=\"yoast-schema-graph\">{\"@context\":\"https:\/\/schema.org\",\"@graph\":[{\"@type\":\"Article\",\"@id\":\"https:\/\/portrasdanoticia.com.br\/?p=4060#article\",\"isPartOf\":{\"@id\":\"https:\/\/portrasdanoticia.com.br\/?p=4060\"},\"author\":{\"name\":\"Colunista01\",\"@id\":\"https:\/\/portrasdanoticia.com.br\/#\/schema\/person\/c82049a66889abc8daf6f947cd4e34f9\"},\"headline\":\"Valen\u00e7a realiza Audi\u00eancia P\u00fablica para constru\u00e7\u00e3o do PPA 2026-2029\",\"datePublished\":\"2025-06-09T13:59:21+00:00\",\"dateModified\":\"2025-06-09T13:59:23+00:00\",\"mainEntityOfPage\":{\"@id\":\"https:\/\/portrasdanoticia.com.br\/?p=4060\"},\"wordCount\":157,\"commentCount\":0,\"publisher\":{\"@id\":\"https:\/\/portrasdanoticia.com.br\/#organization\"},\"image\":{\"@id\":\"https:\/\/portrasdanoticia.com.br\/?p=4060#primaryimage\"},\"thumbnailUrl\":\"https:\/\/i0.wp.com\/portrasdanoticia.com.br\/wp-content\/uploads\/2025\/06\/ab94b60a-974f-41a9-8843-b60f556cb06f.jpeg?fit=1280%2C960&ssl=1\",\"articleSection\":[\"Pol\u00edtica\"],\"inLanguage\":\"pt-BR\",\"potentialAction\":[{\"@type\":\"CommentAction\",\"name\":\"Comment\",\"target\":[\"https:\/\/portrasdanoticia.com.br\/?p=4060#respond\"]}]},{\"@type\":\"WebPage\",\"@id\":\"https:\/\/portrasdanoticia.com.br\/?p=4060\",\"url\":\"https:\/\/portrasdanoticia.com.br\/?p=4060\",\"name\":\"Valen\u00e7a realiza Audi\u00eancia P\u00fablica para constru\u00e7\u00e3o do PPA 2026-2029 - Por Tr\u00e1s da Not\u00edcia\",\"isPartOf\":{\"@id\":\"https:\/\/portrasdanoticia.com.br\/#website\"},\"primaryImageOfPage\":{\"@id\":\"https:\/\/portrasdanoticia.com.br\/?p=4060#primaryimage\"},\"image\":{\"@id\":\"https:\/\/portrasdanoticia.com.br\/?p=4060#primaryimage\"},\"thumbnailUrl\":\"https:\/\/i0.wp.com\/portrasdanoticia.com.br\/wp-content\/uploads\/2025\/06\/ab94b60a-974f-41a9-8843-b60f556cb06f.jpeg?fit=1280%2C960&ssl=1\",\"datePublished\":\"2025-06-09T13:59:21+00:00\",\"dateModified\":\"2025-06-09T13:59:23+00:00\",\"breadcrumb\":{\"@id\":\"https:\/\/portrasdanoticia.com.br\/?p=4060#breadcrumb\"},\"inLanguage\":\"pt-BR\",\"potentialAction\":[{\"@type\":\"ReadAction\",\"target\":[\"https:\/\/portrasdanoticia.com.br\/?p=4060\"]}]},{\"@type\":\"ImageObject\",\"inLanguage\":\"pt-BR\",\"@id\":\"https:\/\/portrasdanoticia.com.br\/?p=4060#primaryimage\",\"url\":\"https:\/\/i0.wp.com\/portrasdanoticia.com.br\/wp-content\/uploads\/2025\/06\/ab94b60a-974f-41a9-8843-b60f556cb06f.jpeg?fit=1280%2C960&ssl=1\",\"contentUrl\":\"https:\/\/i0.wp.com\/portrasdanoticia.com.br\/wp-content\/uploads\/2025\/06\/ab94b60a-974f-41a9-8843-b60f556cb06f.jpeg?fit=1280%2C960&ssl=1\",\"width\":1280,\"height\":960},{\"@type\":\"BreadcrumbList\",\"@id\":\"https:\/\/portrasdanoticia.com.br\/?p=4060#breadcrumb\",\"itemListElement\":[{\"@type\":\"ListItem\",\"position\":1,\"name\":\"In\u00edcio\",\"item\":\"https:\/\/portrasdanoticia.com.br\/\"},{\"@type\":\"ListItem\",\"position\":2,\"name\":\"Valen\u00e7a realiza Audi\u00eancia P\u00fablica para constru\u00e7\u00e3o do PPA 2026-2029\"}]},{\"@type\":\"WebSite\",\"@id\":\"https:\/\/portrasdanoticia.com.br\/#website\",\"url\":\"https:\/\/portrasdanoticia.com.br\/\",\"name\":\"Por tr\u00e1s da Not\u00edcia\",\"description\":\"\",\"publisher\":{\"@id\":\"https:\/\/portrasdanoticia.com.br\/#organization\"},\"potentialAction\":[{\"@type\":\"SearchAction\",\"target\":{\"@type\":\"EntryPoint\",\"urlTemplate\":\"https:\/\/portrasdanoticia.com.br\/?s={search_term_string}\"},\"query-input\":{\"@type\":\"PropertyValueSpecification\",\"valueRequired\":true,\"valueName\":\"search_term_string\"}}],\"inLanguage\":\"pt-BR\"},{\"@type\":\"Organization\",\"@id\":\"https:\/\/portrasdanoticia.com.br\/#organization\",\"name\":\"Por tr\u00e1s da Not\u00edcia\",\"url\":\"https:\/\/portrasdanoticia.com.br\/\",\"logo\":{\"@type\":\"ImageObject\",\"inLanguage\":\"pt-BR\",\"@id\":\"https:\/\/portrasdanoticia.com.br\/#\/schema\/logo\/image\/\",\"url\":\"https:\/\/i0.wp.com\/portrasdanoticia.com.br\/wp-content\/uploads\/2024\/03\/cropped-photo_4911184121477311577_y.jpg?fit=975%2C367&ssl=1\",\"contentUrl\":\"https:\/\/i0.wp.com\/portrasdanoticia.com.br\/wp-content\/uploads\/2024\/03\/cropped-photo_4911184121477311577_y.jpg?fit=975%2C367&ssl=1\",\"width\":975,\"height\":367,\"caption\":\"Por tr\u00e1s da Not\u00edcia\"},\"image\":{\"@id\":\"https:\/\/portrasdanoticia.com.br\/#\/schema\/logo\/image\/\"}},{\"@type\":\"Person\",\"@id\":\"https:\/\/portrasdanoticia.com.br\/#\/schema\/person\/c82049a66889abc8daf6f947cd4e34f9\",\"name\":\"Colunista01\",\"image\":{\"@type\":\"ImageObject\",\"inLanguage\":\"pt-BR\",\"@id\":\"https:\/\/portrasdanoticia.com.br\/#\/schema\/person\/image\/\",\"url\":\"https:\/\/secure.gravatar.com\/avatar\/bbd2f0a69a82c93c144cbc2d621b8663?s=96&d=mm&r=g\",\"contentUrl\":\"https:\/\/secure.gravatar.com\/avatar\/bbd2f0a69a82c93c144cbc2d621b8663?s=96&d=mm&r=g\",\"caption\":\"Colunista01\"},\"sameAs\":[\"https:\/\/portrasdanoticia.com.br\/\"],\"url\":\"https:\/\/portrasdanoticia.com.br\/?author=4\"}]}<\/script>\n<!-- \/ Yoast SEO plugin. -->","yoast_head_json":{"title":"Valen\u00e7a realiza Audi\u00eancia P\u00fablica para constru\u00e7\u00e3o do PPA 2026-2029 - Por Tr\u00e1s da Not\u00edcia","robots":{"index":"index","follow":"follow","max-snippet":"max-snippet:-1","max-image-preview":"max-image-preview:large","max-video-preview":"max-video-preview:-1"},"canonical":"https:\/\/portrasdanoticia.com.br\/?p=4060","og_locale":"pt_BR","og_type":"article","og_title":"Valen\u00e7a realiza Audi\u00eancia P\u00fablica para constru\u00e7\u00e3o do PPA 2026-2029 - Por Tr\u00e1s da Not\u00edcia","og_description":"A audi\u00eancia aconteceu nesta sexta-feira (6), no Plen\u00e1rio da C\u00e2mara de Vereadores, com o objetivo de discutir a elabora\u00e7\u00e3o do Plano Plurianual (PPA) para o per\u00edodo de 2026 a 2029. O PPA \u00e9 um instrumento de planejamento das pol\u00edticas p\u00fablicas de um munic\u00edpio, que define as diretrizes, objetivos e metas da administra\u00e7\u00e3o para os pr\u00f3ximos...","og_url":"https:\/\/portrasdanoticia.com.br\/?p=4060","og_site_name":"Por Tr\u00e1s da Not\u00edcia","article_published_time":"2025-06-09T13:59:21+00:00","article_modified_time":"2025-06-09T13:59:23+00:00","og_image":[{"width":1280,"height":960,"url":"http:\/\/portrasdanoticia.com.br\/wp-content\/uploads\/2025\/06\/ab94b60a-974f-41a9-8843-b60f556cb06f.jpeg","type":"image\/jpeg"}],"author":"Colunista01","twitter_card":"summary_large_image","twitter_misc":{"Escrito por":"Colunista01","Est. tempo de leitura":"1 minuto"},"schema":{"@context":"https:\/\/schema.org","@graph":[{"@type":"Article","@id":"https:\/\/portrasdanoticia.com.br\/?p=4060#article","isPartOf":{"@id":"https:\/\/portrasdanoticia.com.br\/?p=4060"},"author":{"name":"Colunista01","@id":"https:\/\/portrasdanoticia.com.br\/#\/schema\/person\/c82049a66889abc8daf6f947cd4e34f9"},"headline":"Valen\u00e7a realiza Audi\u00eancia P\u00fablica para constru\u00e7\u00e3o do PPA 2026-2029","datePublished":"2025-06-09T13:59:21+00:00","dateModified":"2025-06-09T13:59:23+00:00","mainEntityOfPage":{"@id":"https:\/\/portrasdanoticia.com.br\/?p=4060"},"wordCount":157,"commentCount":0,"publisher":{"@id":"https:\/\/portrasdanoticia.com.br\/#organization"},"image":{"@id":"https:\/\/portrasdanoticia.com.br\/?p=4060#primaryimage"},"thumbnailUrl":"https:\/\/i0.wp.com\/portrasdanoticia.com.br\/wp-content\/uploads\/2025\/06\/ab94b60a-974f-41a9-8843-b60f556cb06f.jpeg?fit=1280%2C960&ssl=1","articleSection":["Pol\u00edtica"],"inLanguage":"pt-BR","potentialAction":[{"@type":"CommentAction","name":"Comment","target":["https:\/\/portrasdanoticia.com.br\/?p=4060#respond"]}]},{"@type":"WebPage","@id":"https:\/\/portrasdanoticia.com.br\/?p=4060","url":"https:\/\/portrasdanoticia.com.br\/?p=4060","name":"Valen\u00e7a realiza Audi\u00eancia P\u00fablica para constru\u00e7\u00e3o do PPA 2026-2029 - Por Tr\u00e1s da Not\u00edcia","isPartOf":{"@id":"https:\/\/portrasdanoticia.com.br\/#website"},"primaryImageOfPage":{"@id":"https:\/\/portrasdanoticia.com.br\/?p=4060#primaryimage"},"image":{"@id":"https:\/\/portrasdanoticia.com.br\/?p=4060#primaryimage"},"thumbnailUrl":"https:\/\/i0.wp.com\/portrasdanoticia.com.br\/wp-content\/uploads\/2025\/06\/ab94b60a-974f-41a9-8843-b60f556cb06f.jpeg?fit=1280%2C960&ssl=1","datePublished":"2025-06-09T13:59:21+00:00","dateModified":"2025-06-09T13:59:23+00:00","breadcrumb":{"@id":"https:\/\/portrasdanoticia.com.br\/?p=4060#breadcrumb"},"inLanguage":"pt-BR","potentialAction":[{"@type":"ReadAction","target":["https:\/\/portrasdanoticia.com.br\/?p=4060"]}]},{"@type":"ImageObject","inLanguage":"pt-BR","@id":"https:\/\/portrasdanoticia.com.br\/?p=4060#primaryimage","url":"https:\/\/i0.wp.com\/portrasdanoticia.com.br\/wp-content\/uploads\/2025\/06\/ab94b60a-974f-41a9-8843-b60f556cb06f.jpeg?fit=1280%2C960&ssl=1","contentUrl":"https:\/\/i0.wp.com\/portrasdanoticia.com.br\/wp-content\/uploads\/2025\/06\/ab94b60a-974f-41a9-8843-b60f556cb06f.jpeg?fit=1280%2C960&ssl=1","width":1280,"height":960},{"@type":"BreadcrumbList","@id":"https:\/\/portrasdanoticia.com.br\/?p=4060#breadcrumb","itemListElement":[{"@type":"ListItem","position":1,"name":"In\u00edcio","item":"https:\/\/portrasdanoticia.com.br\/"},{"@type":"ListItem","position":2,"name":"Valen\u00e7a realiza Audi\u00eancia P\u00fablica para constru\u00e7\u00e3o do PPA 2026-2029"}]},{"@type":"WebSite","@id":"https:\/\/portrasdanoticia.com.br\/#website","url":"https:\/\/portrasdanoticia.com.br\/","name":"Por tr\u00e1s da Not\u00edcia","description":"","publisher":{"@id":"https:\/\/portrasdanoticia.com.br\/#organization"},"potentialAction":[{"@type":"SearchAction","target":{"@type":"EntryPoint","urlTemplate":"https:\/\/portrasdanoticia.com.br\/?s={search_term_string}"},"query-input":{"@type":"PropertyValueSpecification","valueRequired":true,"valueName":"search_term_string"}}],"inLanguage":"pt-BR"},{"@type":"Organization","@id":"https:\/\/portrasdanoticia.com.br\/#organization","name":"Por tr\u00e1s da Not\u00edcia","url":"https:\/\/portrasdanoticia.com.br\/","logo":{"@type":"ImageObject","inLanguage":"pt-BR","@id":"https:\/\/portrasdanoticia.com.br\/#\/schema\/logo\/image\/","url":"https:\/\/i0.wp.com\/portrasdanoticia.com.br\/wp-content\/uploads\/2024\/03\/cropped-photo_4911184121477311577_y.jpg?fit=975%2C367&ssl=1","contentUrl":"https:\/\/i0.wp.com\/portrasdanoticia.com.br\/wp-content\/uploads\/2024\/03\/cropped-photo_4911184121477311577_y.jpg?fit=975%2C367&ssl=1","width":975,"height":367,"caption":"Por tr\u00e1s da Not\u00edcia"},"image":{"@id":"https:\/\/portrasdanoticia.com.br\/#\/schema\/logo\/image\/"}},{"@type":"Person","@id":"https:\/\/portrasdanoticia.com.br\/#\/schema\/person\/c82049a66889abc8daf6f947cd4e34f9","name":"Colunista01","image":{"@type":"ImageObject","inLanguage":"pt-BR","@id":"https:\/\/portrasdanoticia.com.br\/#\/schema\/person\/image\/","url":"https:\/\/secure.gravatar.com\/avatar\/bbd2f0a69a82c93c144cbc2d621b8663?s=96&d=mm&r=g","contentUrl":"https:\/\/secure.gravatar.com\/avatar\/bbd2f0a69a82c93c144cbc2d621b8663?s=96&d=mm&r=g","caption":"Colunista01"},"sameAs":["https:\/\/portrasdanoticia.com.br\/"],"url":"https:\/\/portrasdanoticia.com.br\/?author=4"}]}},"jetpack_sharing_enabled":true,"jetpack_featured_media_url":"https:\/\/i0.wp.com\/portrasdanoticia.com.br\/wp-content\/uploads\/2025\/06\/ab94b60a-974f-41a9-8843-b60f556cb06f.jpeg?fit=1280%2C960&ssl=1","_links":{"self":[{"href":"https:\/\/portrasdanoticia.com.br\/index.php?rest_route=\/wp\/v2\/posts\/4060","targetHints":{"allow":["GET"]}}],"collection":[{"href":"https:\/\/portrasdanoticia.com.br\/index.php?rest_route=\/wp\/v2\/posts"}],"about":[{"href":"https:\/\/portrasdanoticia.com.br\/index.php?rest_route=\/wp\/v2\/types\/post"}],"author":[{"embeddable":true,"href":"https:\/\/portrasdanoticia.com.br\/index.php?rest_route=\/wp\/v2\/users\/4"}],"replies":[{"embeddable":true,"href":"https:\/\/portrasdanoticia.com.br\/index.php?rest_route=%2Fwp%2Fv2%2Fcomments&post=4060"}],"version-history":[{"count":1,"href":"https:\/\/portrasdanoticia.com.br\/index.php?rest_route=\/wp\/v2\/posts\/4060\/revisions"}],"predecessor-version":[{"id":4062,"href":"https:\/\/portrasdanoticia.com.br\/index.php?rest_route=\/wp\/v2\/posts\/4060\/revisions\/4062"}],"wp:featuredmedia":[{"embeddable":true,"href":"https:\/\/portrasdanoticia.com.br\/index.php?rest_route=\/wp\/v2\/media\/4061"}],"wp:attachment":[{"href":"https:\/\/portrasdanoticia.com.br\/index.php?rest_route=%2Fwp%2Fv2%2Fmedia&parent=4060"}],"wp:term":[{"taxonomy":"category","embeddable":true,"href":"https:\/\/portrasdanoticia.com.br\/index.php?rest_route=%2Fwp%2Fv2%2Fcategories&post=4060"},{"taxonomy":"post_tag","embeddable":true,"href":"https:\/\/portrasdanoticia.com.br\/index.php?rest_route=%2Fwp%2Fv2%2Ftags&post=4060"}],"curies":[{"name":"wp","href":"https:\/\/api.w.org\/{rel}","templated":true}]}}