{"id":4286,"date":"2026-01-26T10:26:37","date_gmt":"2026-01-26T13:26:37","guid":{"rendered":"https:\/\/portrasdanoticia.com.br\/?p=4286"},"modified":"2026-01-26T11:02:49","modified_gmt":"2026-01-26T14:02:49","slug":"mortes-no-hospital-anchieta-policia-detalha-crimes-e-diz-que-tecnico-de-enfermagem-injetou-desinfetante-em-duas-vitimas","status":"publish","type":"post","link":"https:\/\/portrasdanoticia.com.br\/?p=4286","title":{"rendered":"Mortes no Hospital Anchieta: pol\u00edcia detalha crimes, e diz que t\u00e9cnico de enfermagem injetou desinfetante em duas v\u00edtimas"},"content":{"rendered":"\n<p class=\"has-black-color has-text-color has-link-color wp-elements-d4df3ac0d67519b5cefd713a4d17d56a\" style=\"font-size:15px\"><em>Pol\u00edcia aponta uso de cloreto de pot\u00e1ssio e desinfetante; tr\u00eas mortes s\u00e3o investigadas. Investiga\u00e7\u00e3o aponta participa\u00e7\u00e3o de outras duas t\u00e9cnicas e apura se h\u00e1 mais v\u00edtimas.<\/em><\/p>\n\n\n\n<p><strong>Entrevista completa no link abaixo: <\/strong><\/p>\n\n\n\n<p><a href=\"https:\/\/g1.globo.com\/fantastico\/video\/mortes-no-hospital-no-df-fantastico-teve-acesso-ao-relatorio-da-pericia-14285941.ghtml\">https:\/\/g1.globo.com\/fantastico\/video\/mortes-no-hospital-no-df-fantastico-teve-acesso-ao-relatorio-da-pericia-14285941.ghtml<\/a><\/p>\n\n\n\n<p class=\"has-text-align-center has-black-color has-text-color has-link-color wp-elements-b0a2d689170881f1c55499c5f93f0233\" style=\"font-size:10px\"><\/p>\n\n\n\n<p>A pol\u00edcia do Distrito Federal investiga crimes cometidos dentro de um hospital por quem deveria zelar pela vida dos pacientes. Um t\u00e9cnico de enfermagem foi preso acusado de matar tr\u00eas pessoas ao injetar uma subst\u00e2ncia controlada e tamb\u00e9m desinfetante em pacientes internados na UTI.<\/p>\n\n\n\n<p>Segundo as investiga\u00e7\u00f5es, Marcos Vinicius Silva Barbosa de Ara\u00fajo, de 24 anos, contou com a ajuda de outras duas t\u00e9cnicas de enfermagem, que tamb\u00e9m est\u00e3o presas. A pol\u00edcia apura agora se h\u00e1 outras v\u00edtimas.<\/p>\n\n\n\n<p>O hospital abriu uma sindic\u00e2ncia para investigar o que aconteceu no dia 17 de novembro, quando dois pacientes tiveram paradas card\u00edacas \u00e0 tarde e morreram horas depois.<\/p>\n\n\n\n<p>As v\u00edtimas foram Miranilde Pereira da Silva, de 75 anos, internada por causa de uma constipa\u00e7\u00e3o, e Jo\u00e3o Clemente Pereira, de 63 anos. Havia um m\u00eas, ele sentia tontura e, no hospital, os m\u00e9dicos detectaram um hematoma na membrana que reveste o c\u00e9rebro.<\/p>\n\n\n\n<p>A sindic\u00e2ncia apontou que as mortes tinham rela\u00e7\u00e3o direta com dois t\u00e9cnicos de enfermagem: Marcos Vinicius Silva Barbosa de Ara\u00fajo e Marcela Camilly Alves da Silva, de 22 anos. Dias depois, a apura\u00e7\u00e3o interna identificou a presen\u00e7a de uma terceira pessoa nos dias das mortes: a t\u00e9cnica de enfermagem Amanda Rodrigues de Sousa, de 28 anos.<\/p>\n\n\n\n<p>\u201cEle, toda vez que injetou alguma medica\u00e7\u00e3o na veia dos pacientes, em segundos elas apresentaram paradas card\u00edacas\u201d, diz o delegado Wislley Salom\u00e3o.<\/p>\n\n\n\n<p>Al\u00e9m da medica\u00e7\u00e3o, o t\u00e9cnico injetou uma segunda subst\u00e2ncia: um desinfetante.<\/p>\n\n\n\n<p>At\u00e9 ent\u00e3o, a pol\u00edcia acreditava que Marcos Vinicius havia aplicado desinfetante apenas em Miranilde, que ocupava o leito 24. Mas, ao reanalisar as imagens do leito 25, os peritos descobriram que ele tamb\u00e9m injetou o produto em Jo\u00e3o Clemente. Cada leito da UTI \u00e9 monitorado por uma c\u00e2mera de seguran\u00e7a.<\/p>\n\n\n\n<p>\u201cA consequ\u00eancia disso \u00e9 um choque circulat\u00f3rio, ou seja, uma press\u00e3o muito baixa para esses pacientes, consequentemente uma parada card\u00edaca imediata\u201d, afirma o presidente da Associa\u00e7\u00e3o de Medicina Intensivista Brasileira, Alexandre Amaral.<\/p>\n\n\n\n<p>\u201cSe o paciente tiver acordado, consciente, ele vai sentir o que n\u00f3s chamamos de sensa\u00e7\u00e3o de morte: dor no peito, falta de ar, uma ang\u00fastia muito forte.\u201d<\/p>\n\n\n\n<p>O &#8220;Fant\u00e1stico&#8221; teve acesso \u00e0 reconstitui\u00e7\u00e3o pericial dos crimes. Na manh\u00e3 de 17 de novembro de 2025, Miranilde estava consciente e conversando. Uma hora depois, as c\u00e2meras mostram Marcos Vinicius usando a senha de m\u00e9dicos que n\u00e3o estavam no hospital para registrar no sistema a prescri\u00e7\u00e3o de uma subst\u00e2ncia controlada.<\/p>\n\n\n\n<p>Ele foi at\u00e9 a farm\u00e1cia da UTI buscar o medicamento, que n\u00e3o havia sido prescrito para Miranilde. Em seguida, aplicou a primeira inje\u00e7\u00e3o. A paciente sofreu uma parada card\u00edaca, foi socorrida e sobreviveu.<\/p>\n\n\n\n<p>A subst\u00e2ncia era o cloreto de pot\u00e1ssio, que tem indica\u00e7\u00f5es m\u00e9dicas espec\u00edficas, como a reposi\u00e7\u00e3o de pot\u00e1ssio no organismo.<\/p>\n\n\n\n<p>\u201cPrimeira quest\u00e3o: ela n\u00e3o tinha indica\u00e7\u00e3o m\u00e9dica de uso dessa subst\u00e2ncia em nenhum dos exames ou do quadro cl\u00ednico que ela apresentava\u201d, diz a diretora do Instituto M\u00e9dico Legal (IML), M\u00e1rcia Reis.<\/p>\n\n\n\n<p>\u201cUm grande dano que ele pode causar ao organismo s\u00e3o as arritmias card\u00edacas graves. A depender da concentra\u00e7\u00e3o que \u00e9 feita, a depender da velocidade que \u00e9 feita, ele para o cora\u00e7\u00e3o\u201d, afirma Amaral.<\/p>\n\n\n\n<p>Cerca de 40 minutos depois, Marcos Vinicius aplicou uma segunda dose do medicamento. Miranilde sofreu nova parada card\u00edaca, foi socorrida e sobreviveu novamente. Os filhos dela estavam no hospital e acompanharam a situa\u00e7\u00e3o.<\/p>\n\n\n\n<p>\u201cCada reanima\u00e7\u00e3o ele aplicava alguma coisa, at\u00e9 mesmo na frente dos m\u00e9dicos, e ningu\u00e9m percebia nada\u201d, afirma uma das filhas da v\u00edtima, K\u00e1ssia Le\u00e3o.<\/p>\n\n\n\n<p>Ainda segundo a per\u00edcia, horas depois, o t\u00e9cnico conseguiu injetar cloreto de pot\u00e1ssio em Jo\u00e3o Clemente, que sofreu uma parada card\u00edaca, foi socorrido e sobreviveu. Marcos Vinicius voltou ao leito de Miranilde e aplicou mais uma inje\u00e7\u00e3o, provocando uma terceira parada card\u00edaca, da qual ela foi salva pela equipe.<\/p>\n\n\n\n<p>\u201cEu pensando que ele estava salvando a minha m\u00e3e. Ele estava matando cada vez mais a minha m\u00e3e\u201d, diz Le\u00e3o.<\/p>\n\n\n\n<p>Pouco tempo depois, o t\u00e9cnico aplicou o desinfetante diante das t\u00e9cnicas Marcela e Amanda. Segundo a investiga\u00e7\u00e3o, os tr\u00eas participavam dos procedimentos de ressuscita\u00e7\u00e3o.<\/p>\n\n\n\n<p>Ap\u00f3s a aplica\u00e7\u00e3o do produto, Miranilde sofreu a quarta parada card\u00edaca. Em seguida, o t\u00e9cnico injetou desinfetante novamente. Miranilde morreu.<\/p>\n\n\n\n<p>Na mesma noite, ainda de acordo com a investiga\u00e7\u00e3o, Marcos Vinicius fez mais duas aplica\u00e7\u00f5es de cloreto de pot\u00e1ssio em Jo\u00e3o Clemente e tamb\u00e9m injetou desinfetante. Ele morreu na madrugada do dia seguinte.<\/p>\n\n\n\n<p>A terceira v\u00edtima foi o carteiro Marcos Raymundo Moreira, internado no Hospital Anchieta em 18 de novembro com suspeita de pancreatite.<\/p>\n\n\n\n<p>\u201cO cardiologista descartou qualquer hip\u00f3tese de problemas cardiol\u00f3gicos\u201d, conta a vi\u00fava, Denilza da Costa Freire.<\/p>\n\n\n\n<p>Mesmo assim, Marcos Raymundo sofreu uma parada card\u00edaca, foi intubado e ficou internado por 14 dias. Segundo a pol\u00edcia, ele sofreu uma segunda parada em 1\u00ba de dezembro e morreu depois de receber uma inje\u00e7\u00e3o aplicada por Marcos Vinicius.<\/p>\n\n\n\n<p>O t\u00e9cnico est\u00e1 preso temporariamente na carceragem do complexo da Pol\u00edcia Civil do Distrito Federal. Em depoimento, primeiro negou os crimes, mas depois foi confrontado com as imagens das c\u00e2meras da UTI e admitiu as mortes.<\/p>\n\n\n\n<p>\u201cNo depoimento, ele foi uma pessoa que n\u00e3o demonstrou emo\u00e7\u00e3o. Ele alegou que teria praticado os crimes porque o hospital estava muito movimentado. Como essa justificativa n\u00e3o \u00e9 plaus\u00edvel, ele deu uma segunda justificativa, falando que estaria aliviando a dor dos pacientes. Isso tamb\u00e9m n\u00e3o \u00e9 uma motiva\u00e7\u00e3o. Ent\u00e3o n\u00f3s precisamos aprofundar para saber o real motivo que fez com que ele e essas duas t\u00e9cnicas cometessem esse crime\u201d, diz Salom\u00e3o.<\/p>\n\n\n\n<p>As t\u00e9cnicas Marcela e Amanda foram levadas para a penitenci\u00e1ria feminina.<\/p>\n\n\n\n<p>\u201cAs duas presenciam o t\u00e9cnico injetando tanto a medica\u00e7\u00e3o quanto o produto diretamente na veia dos pacientes e n\u00e3o fizeram nada para impedir aquele resultado\u201d, afirma o delegado.<\/p>\n\n\n\n<p>Em nota, a defesa de Marcos Vinicius n\u00e3o negou a acusa\u00e7\u00e3o, mas informou que vai se manifestar apenas no inqu\u00e9rito, que corre sob sigilo. A defesa de Marcela da Silva afirma que ela lamenta o que aconteceu com as v\u00edtimas e que a dignidade dela e a verdade ser\u00e3o restabelecidas no processo. O advogado de Amanda de Sousa disse que ela e Marcos Vinicius tiveram um relacionamento.<\/p>\n\n\n\n<p>\u201cEla se sente assim: manipulada por ele. E isso n\u00e3o quer dizer que ela tenha cooperado em nada com ele. Ela diz manipulada porque ela teve um relacionamento com ele\u201d, afirma o advogado Liomar Santos Torres.<\/p>\n\n\n\n<p>\u201cNega participa\u00e7\u00e3o e nega as acusa\u00e7\u00f5es, e n\u00f3s vamos provar isso ao final do processo.\u201d<\/p>\n\n\n\n<p>Em nota, o Conselho Regional de Enfermagem do Distrito Federal afirmou estar preocupado com a repercuss\u00e3o do caso e disse que generaliza\u00e7\u00f5es prejudicam uma categoria formada por profissionais \u00e9ticos e comprometidos com a vida.<\/p>\n\n\n\n<p>J\u00e1 o Hospital Anchieta afirmou que &#8220;se solidariza com os familiares das v\u00edtimas e repudia veementemente os atos criminosos investigados&#8221;. O hospital disse ainda que os atos foram conduta individual de criminosos, praticada \u00e0 revelia do estabelecimento, dos valores da medicina e da assist\u00eancia em sa\u00fade, rapidamente identificada, investigada e neutralizada, com o imediato acionamento das autoridades competentes.<\/p>\n\n\n\n<p><strong>Fonte: por G1 Noticias <\/strong><\/p>\n\n\n\n<p><\/p>\n","protected":false},"excerpt":{"rendered":"<p>Pol\u00edcia aponta uso de cloreto de pot\u00e1ssio e desinfetante; tr\u00eas mortes s\u00e3o investigadas. Investiga\u00e7\u00e3o aponta participa\u00e7\u00e3o de outras duas t\u00e9cnicas e apura se h\u00e1 mais v\u00edtimas. Entrevista completa no link abaixo: https:\/\/g1.globo.com\/fantastico\/video\/mortes-no-hospital-no-df-fantastico-teve-acesso-ao-relatorio-da-pericia-14285941.ghtml A pol\u00edcia do Distrito Federal investiga crimes cometidos dentro de um hospital por quem deveria zelar pela vida dos pacientes. Um t\u00e9cnico de&#8230;<\/p>\n","protected":false},"author":3,"featured_media":4287,"comment_status":"open","ping_status":"open","sticky":false,"template":"","format":"standard","meta":{"_jetpack_memberships_contains_paid_content":false,"footnotes":""},"categories":[83],"tags":[],"class_list":["post-4286","post","type-post","status-publish","format-standard","has-post-thumbnail","hentry","category-crime"],"yoast_head":"<!-- This site is optimized with the Yoast SEO plugin v26.8 - https:\/\/yoast.com\/product\/yoast-seo-wordpress\/ -->\n<title>Mortes no Hospital Anchieta: pol\u00edcia detalha crimes, e diz que t\u00e9cnico de enfermagem injetou desinfetante em duas v\u00edtimas - Por Tr\u00e1s da Not\u00edcia<\/title>\n<meta name=\"robots\" content=\"index, follow, max-snippet:-1, max-image-preview:large, max-video-preview:-1\" \/>\n<link rel=\"canonical\" href=\"https:\/\/portrasdanoticia.com.br\/?p=4286\" \/>\n<meta property=\"og:locale\" content=\"pt_BR\" \/>\n<meta property=\"og:type\" content=\"article\" \/>\n<meta property=\"og:title\" content=\"Mortes no Hospital Anchieta: pol\u00edcia detalha crimes, e diz que t\u00e9cnico de enfermagem injetou desinfetante em duas v\u00edtimas - Por Tr\u00e1s da Not\u00edcia\" \/>\n<meta property=\"og:description\" content=\"Pol\u00edcia aponta uso de cloreto de pot\u00e1ssio e desinfetante; tr\u00eas mortes s\u00e3o investigadas. Investiga\u00e7\u00e3o aponta participa\u00e7\u00e3o de outras duas t\u00e9cnicas e apura se h\u00e1 mais v\u00edtimas. Entrevista completa no link abaixo: https:\/\/g1.globo.com\/fantastico\/video\/mortes-no-hospital-no-df-fantastico-teve-acesso-ao-relatorio-da-pericia-14285941.ghtml A pol\u00edcia do Distrito Federal investiga crimes cometidos dentro de um hospital por quem deveria zelar pela vida dos pacientes. Um t\u00e9cnico de...\" \/>\n<meta property=\"og:url\" content=\"https:\/\/portrasdanoticia.com.br\/?p=4286\" \/>\n<meta property=\"og:site_name\" content=\"Por Tr\u00e1s da Not\u00edcia\" \/>\n<meta property=\"article:published_time\" content=\"2026-01-26T13:26:37+00:00\" \/>\n<meta property=\"article:modified_time\" content=\"2026-01-26T14:02:49+00:00\" \/>\n<meta name=\"author\" content=\"Colunista02\" \/>\n<meta name=\"twitter:card\" content=\"summary_large_image\" \/>\n<meta name=\"twitter:label1\" content=\"Escrito por\" \/>\n\t<meta name=\"twitter:data1\" content=\"Colunista02\" \/>\n\t<meta name=\"twitter:label2\" content=\"Est. tempo de leitura\" \/>\n\t<meta name=\"twitter:data2\" content=\"7 minutos\" \/>\n<script type=\"application\/ld+json\" class=\"yoast-schema-graph\">{\"@context\":\"https:\/\/schema.org\",\"@graph\":[{\"@type\":\"Article\",\"@id\":\"https:\/\/portrasdanoticia.com.br\/?p=4286#article\",\"isPartOf\":{\"@id\":\"https:\/\/portrasdanoticia.com.br\/?p=4286\"},\"author\":{\"name\":\"Colunista02\",\"@id\":\"https:\/\/portrasdanoticia.com.br\/#\/schema\/person\/9c0127647bcfb3db44a2c6108d0d1192\"},\"headline\":\"Mortes no Hospital Anchieta: pol\u00edcia detalha crimes, e diz que t\u00e9cnico de enfermagem injetou desinfetante em duas v\u00edtimas\",\"datePublished\":\"2026-01-26T13:26:37+00:00\",\"dateModified\":\"2026-01-26T14:02:49+00:00\",\"mainEntityOfPage\":{\"@id\":\"https:\/\/portrasdanoticia.com.br\/?p=4286\"},\"wordCount\":1347,\"commentCount\":0,\"publisher\":{\"@id\":\"https:\/\/portrasdanoticia.com.br\/#organization\"},\"image\":{\"@id\":\"https:\/\/portrasdanoticia.com.br\/?p=4286#primaryimage\"},\"thumbnailUrl\":\"https:\/\/portrasdanoticia.com.br\/wp-content\/uploads\/2026\/01\/marcos-vinicius-silva-barbosa-de-araujo.avif\",\"articleSection\":[\"Crime\"],\"inLanguage\":\"pt-BR\",\"potentialAction\":[{\"@type\":\"CommentAction\",\"name\":\"Comment\",\"target\":[\"https:\/\/portrasdanoticia.com.br\/?p=4286#respond\"]}]},{\"@type\":\"WebPage\",\"@id\":\"https:\/\/portrasdanoticia.com.br\/?p=4286\",\"url\":\"https:\/\/portrasdanoticia.com.br\/?p=4286\",\"name\":\"Mortes no Hospital Anchieta: pol\u00edcia detalha crimes, e diz que t\u00e9cnico de enfermagem injetou desinfetante em duas v\u00edtimas - Por Tr\u00e1s da Not\u00edcia\",\"isPartOf\":{\"@id\":\"https:\/\/portrasdanoticia.com.br\/#website\"},\"primaryImageOfPage\":{\"@id\":\"https:\/\/portrasdanoticia.com.br\/?p=4286#primaryimage\"},\"image\":{\"@id\":\"https:\/\/portrasdanoticia.com.br\/?p=4286#primaryimage\"},\"thumbnailUrl\":\"https:\/\/portrasdanoticia.com.br\/wp-content\/uploads\/2026\/01\/marcos-vinicius-silva-barbosa-de-araujo.avif\",\"datePublished\":\"2026-01-26T13:26:37+00:00\",\"dateModified\":\"2026-01-26T14:02:49+00:00\",\"breadcrumb\":{\"@id\":\"https:\/\/portrasdanoticia.com.br\/?p=4286#breadcrumb\"},\"inLanguage\":\"pt-BR\",\"potentialAction\":[{\"@type\":\"ReadAction\",\"target\":[\"https:\/\/portrasdanoticia.com.br\/?p=4286\"]}]},{\"@type\":\"ImageObject\",\"inLanguage\":\"pt-BR\",\"@id\":\"https:\/\/portrasdanoticia.com.br\/?p=4286#primaryimage\",\"url\":\"https:\/\/portrasdanoticia.com.br\/wp-content\/uploads\/2026\/01\/marcos-vinicius-silva-barbosa-de-araujo.avif\",\"contentUrl\":\"https:\/\/portrasdanoticia.com.br\/wp-content\/uploads\/2026\/01\/marcos-vinicius-silva-barbosa-de-araujo.avif\",\"width\":984,\"height\":553},{\"@type\":\"BreadcrumbList\",\"@id\":\"https:\/\/portrasdanoticia.com.br\/?p=4286#breadcrumb\",\"itemListElement\":[{\"@type\":\"ListItem\",\"position\":1,\"name\":\"In\u00edcio\",\"item\":\"https:\/\/portrasdanoticia.com.br\/\"},{\"@type\":\"ListItem\",\"position\":2,\"name\":\"Mortes no Hospital Anchieta: pol\u00edcia detalha crimes, e diz que t\u00e9cnico de enfermagem injetou desinfetante em duas v\u00edtimas\"}]},{\"@type\":\"WebSite\",\"@id\":\"https:\/\/portrasdanoticia.com.br\/#website\",\"url\":\"https:\/\/portrasdanoticia.com.br\/\",\"name\":\"Por tr\u00e1s da Not\u00edcia\",\"description\":\"\",\"publisher\":{\"@id\":\"https:\/\/portrasdanoticia.com.br\/#organization\"},\"potentialAction\":[{\"@type\":\"SearchAction\",\"target\":{\"@type\":\"EntryPoint\",\"urlTemplate\":\"https:\/\/portrasdanoticia.com.br\/?s={search_term_string}\"},\"query-input\":{\"@type\":\"PropertyValueSpecification\",\"valueRequired\":true,\"valueName\":\"search_term_string\"}}],\"inLanguage\":\"pt-BR\"},{\"@type\":\"Organization\",\"@id\":\"https:\/\/portrasdanoticia.com.br\/#organization\",\"name\":\"Por tr\u00e1s da Not\u00edcia\",\"url\":\"https:\/\/portrasdanoticia.com.br\/\",\"logo\":{\"@type\":\"ImageObject\",\"inLanguage\":\"pt-BR\",\"@id\":\"https:\/\/portrasdanoticia.com.br\/#\/schema\/logo\/image\/\",\"url\":\"https:\/\/i0.wp.com\/portrasdanoticia.com.br\/wp-content\/uploads\/2024\/03\/cropped-photo_4911184121477311577_y.jpg?fit=975%2C367&ssl=1\",\"contentUrl\":\"https:\/\/i0.wp.com\/portrasdanoticia.com.br\/wp-content\/uploads\/2024\/03\/cropped-photo_4911184121477311577_y.jpg?fit=975%2C367&ssl=1\",\"width\":975,\"height\":367,\"caption\":\"Por tr\u00e1s da Not\u00edcia\"},\"image\":{\"@id\":\"https:\/\/portrasdanoticia.com.br\/#\/schema\/logo\/image\/\"}},{\"@type\":\"Person\",\"@id\":\"https:\/\/portrasdanoticia.com.br\/#\/schema\/person\/9c0127647bcfb3db44a2c6108d0d1192\",\"name\":\"Colunista02\",\"image\":{\"@type\":\"ImageObject\",\"inLanguage\":\"pt-BR\",\"@id\":\"https:\/\/portrasdanoticia.com.br\/#\/schema\/person\/image\/\",\"url\":\"https:\/\/secure.gravatar.com\/avatar\/e5c6e9a3d1a4c234d8f054b59de3dd17?s=96&d=mm&r=g\",\"contentUrl\":\"https:\/\/secure.gravatar.com\/avatar\/e5c6e9a3d1a4c234d8f054b59de3dd17?s=96&d=mm&r=g\",\"caption\":\"Colunista02\"},\"sameAs\":[\"https:\/\/portrasdanoticia.com.br\/\"],\"url\":\"https:\/\/portrasdanoticia.com.br\/?author=3\"}]}<\/script>\n<!-- \/ Yoast SEO plugin. -->","yoast_head_json":{"title":"Mortes no Hospital Anchieta: pol\u00edcia detalha crimes, e diz que t\u00e9cnico de enfermagem injetou desinfetante em duas v\u00edtimas - Por Tr\u00e1s da Not\u00edcia","robots":{"index":"index","follow":"follow","max-snippet":"max-snippet:-1","max-image-preview":"max-image-preview:large","max-video-preview":"max-video-preview:-1"},"canonical":"https:\/\/portrasdanoticia.com.br\/?p=4286","og_locale":"pt_BR","og_type":"article","og_title":"Mortes no Hospital Anchieta: pol\u00edcia detalha crimes, e diz que t\u00e9cnico de enfermagem injetou desinfetante em duas v\u00edtimas - Por Tr\u00e1s da Not\u00edcia","og_description":"Pol\u00edcia aponta uso de cloreto de pot\u00e1ssio e desinfetante; tr\u00eas mortes s\u00e3o investigadas. Investiga\u00e7\u00e3o aponta participa\u00e7\u00e3o de outras duas t\u00e9cnicas e apura se h\u00e1 mais v\u00edtimas. Entrevista completa no link abaixo: https:\/\/g1.globo.com\/fantastico\/video\/mortes-no-hospital-no-df-fantastico-teve-acesso-ao-relatorio-da-pericia-14285941.ghtml A pol\u00edcia do Distrito Federal investiga crimes cometidos dentro de um hospital por quem deveria zelar pela vida dos pacientes. Um t\u00e9cnico de...","og_url":"https:\/\/portrasdanoticia.com.br\/?p=4286","og_site_name":"Por Tr\u00e1s da Not\u00edcia","article_published_time":"2026-01-26T13:26:37+00:00","article_modified_time":"2026-01-26T14:02:49+00:00","author":"Colunista02","twitter_card":"summary_large_image","twitter_misc":{"Escrito por":"Colunista02","Est. tempo de leitura":"7 minutos"},"schema":{"@context":"https:\/\/schema.org","@graph":[{"@type":"Article","@id":"https:\/\/portrasdanoticia.com.br\/?p=4286#article","isPartOf":{"@id":"https:\/\/portrasdanoticia.com.br\/?p=4286"},"author":{"name":"Colunista02","@id":"https:\/\/portrasdanoticia.com.br\/#\/schema\/person\/9c0127647bcfb3db44a2c6108d0d1192"},"headline":"Mortes no Hospital Anchieta: pol\u00edcia detalha crimes, e diz que t\u00e9cnico de enfermagem injetou desinfetante em duas v\u00edtimas","datePublished":"2026-01-26T13:26:37+00:00","dateModified":"2026-01-26T14:02:49+00:00","mainEntityOfPage":{"@id":"https:\/\/portrasdanoticia.com.br\/?p=4286"},"wordCount":1347,"commentCount":0,"publisher":{"@id":"https:\/\/portrasdanoticia.com.br\/#organization"},"image":{"@id":"https:\/\/portrasdanoticia.com.br\/?p=4286#primaryimage"},"thumbnailUrl":"https:\/\/portrasdanoticia.com.br\/wp-content\/uploads\/2026\/01\/marcos-vinicius-silva-barbosa-de-araujo.avif","articleSection":["Crime"],"inLanguage":"pt-BR","potentialAction":[{"@type":"CommentAction","name":"Comment","target":["https:\/\/portrasdanoticia.com.br\/?p=4286#respond"]}]},{"@type":"WebPage","@id":"https:\/\/portrasdanoticia.com.br\/?p=4286","url":"https:\/\/portrasdanoticia.com.br\/?p=4286","name":"Mortes no Hospital Anchieta: pol\u00edcia detalha crimes, e diz que t\u00e9cnico de enfermagem injetou desinfetante em duas v\u00edtimas - Por Tr\u00e1s da Not\u00edcia","isPartOf":{"@id":"https:\/\/portrasdanoticia.com.br\/#website"},"primaryImageOfPage":{"@id":"https:\/\/portrasdanoticia.com.br\/?p=4286#primaryimage"},"image":{"@id":"https:\/\/portrasdanoticia.com.br\/?p=4286#primaryimage"},"thumbnailUrl":"https:\/\/portrasdanoticia.com.br\/wp-content\/uploads\/2026\/01\/marcos-vinicius-silva-barbosa-de-araujo.avif","datePublished":"2026-01-26T13:26:37+00:00","dateModified":"2026-01-26T14:02:49+00:00","breadcrumb":{"@id":"https:\/\/portrasdanoticia.com.br\/?p=4286#breadcrumb"},"inLanguage":"pt-BR","potentialAction":[{"@type":"ReadAction","target":["https:\/\/portrasdanoticia.com.br\/?p=4286"]}]},{"@type":"ImageObject","inLanguage":"pt-BR","@id":"https:\/\/portrasdanoticia.com.br\/?p=4286#primaryimage","url":"https:\/\/portrasdanoticia.com.br\/wp-content\/uploads\/2026\/01\/marcos-vinicius-silva-barbosa-de-araujo.avif","contentUrl":"https:\/\/portrasdanoticia.com.br\/wp-content\/uploads\/2026\/01\/marcos-vinicius-silva-barbosa-de-araujo.avif","width":984,"height":553},{"@type":"BreadcrumbList","@id":"https:\/\/portrasdanoticia.com.br\/?p=4286#breadcrumb","itemListElement":[{"@type":"ListItem","position":1,"name":"In\u00edcio","item":"https:\/\/portrasdanoticia.com.br\/"},{"@type":"ListItem","position":2,"name":"Mortes no Hospital Anchieta: pol\u00edcia detalha crimes, e diz que t\u00e9cnico de enfermagem injetou desinfetante em duas v\u00edtimas"}]},{"@type":"WebSite","@id":"https:\/\/portrasdanoticia.com.br\/#website","url":"https:\/\/portrasdanoticia.com.br\/","name":"Por tr\u00e1s da Not\u00edcia","description":"","publisher":{"@id":"https:\/\/portrasdanoticia.com.br\/#organization"},"potentialAction":[{"@type":"SearchAction","target":{"@type":"EntryPoint","urlTemplate":"https:\/\/portrasdanoticia.com.br\/?s={search_term_string}"},"query-input":{"@type":"PropertyValueSpecification","valueRequired":true,"valueName":"search_term_string"}}],"inLanguage":"pt-BR"},{"@type":"Organization","@id":"https:\/\/portrasdanoticia.com.br\/#organization","name":"Por tr\u00e1s da Not\u00edcia","url":"https:\/\/portrasdanoticia.com.br\/","logo":{"@type":"ImageObject","inLanguage":"pt-BR","@id":"https:\/\/portrasdanoticia.com.br\/#\/schema\/logo\/image\/","url":"https:\/\/i0.wp.com\/portrasdanoticia.com.br\/wp-content\/uploads\/2024\/03\/cropped-photo_4911184121477311577_y.jpg?fit=975%2C367&ssl=1","contentUrl":"https:\/\/i0.wp.com\/portrasdanoticia.com.br\/wp-content\/uploads\/2024\/03\/cropped-photo_4911184121477311577_y.jpg?fit=975%2C367&ssl=1","width":975,"height":367,"caption":"Por tr\u00e1s da Not\u00edcia"},"image":{"@id":"https:\/\/portrasdanoticia.com.br\/#\/schema\/logo\/image\/"}},{"@type":"Person","@id":"https:\/\/portrasdanoticia.com.br\/#\/schema\/person\/9c0127647bcfb3db44a2c6108d0d1192","name":"Colunista02","image":{"@type":"ImageObject","inLanguage":"pt-BR","@id":"https:\/\/portrasdanoticia.com.br\/#\/schema\/person\/image\/","url":"https:\/\/secure.gravatar.com\/avatar\/e5c6e9a3d1a4c234d8f054b59de3dd17?s=96&d=mm&r=g","contentUrl":"https:\/\/secure.gravatar.com\/avatar\/e5c6e9a3d1a4c234d8f054b59de3dd17?s=96&d=mm&r=g","caption":"Colunista02"},"sameAs":["https:\/\/portrasdanoticia.com.br\/"],"url":"https:\/\/portrasdanoticia.com.br\/?author=3"}]}},"jetpack_sharing_enabled":true,"jetpack_featured_media_url":"https:\/\/portrasdanoticia.com.br\/wp-content\/uploads\/2026\/01\/marcos-vinicius-silva-barbosa-de-araujo.avif","_links":{"self":[{"href":"https:\/\/portrasdanoticia.com.br\/index.php?rest_route=\/wp\/v2\/posts\/4286","targetHints":{"allow":["GET"]}}],"collection":[{"href":"https:\/\/portrasdanoticia.com.br\/index.php?rest_route=\/wp\/v2\/posts"}],"about":[{"href":"https:\/\/portrasdanoticia.com.br\/index.php?rest_route=\/wp\/v2\/types\/post"}],"author":[{"embeddable":true,"href":"https:\/\/portrasdanoticia.com.br\/index.php?rest_route=\/wp\/v2\/users\/3"}],"replies":[{"embeddable":true,"href":"https:\/\/portrasdanoticia.com.br\/index.php?rest_route=%2Fwp%2Fv2%2Fcomments&post=4286"}],"version-history":[{"count":2,"href":"https:\/\/portrasdanoticia.com.br\/index.php?rest_route=\/wp\/v2\/posts\/4286\/revisions"}],"predecessor-version":[{"id":4290,"href":"https:\/\/portrasdanoticia.com.br\/index.php?rest_route=\/wp\/v2\/posts\/4286\/revisions\/4290"}],"wp:featuredmedia":[{"embeddable":true,"href":"https:\/\/portrasdanoticia.com.br\/index.php?rest_route=\/wp\/v2\/media\/4287"}],"wp:attachment":[{"href":"https:\/\/portrasdanoticia.com.br\/index.php?rest_route=%2Fwp%2Fv2%2Fmedia&parent=4286"}],"wp:term":[{"taxonomy":"category","embeddable":true,"href":"https:\/\/portrasdanoticia.com.br\/index.php?rest_route=%2Fwp%2Fv2%2Fcategories&post=4286"},{"taxonomy":"post_tag","embeddable":true,"href":"https:\/\/portrasdanoticia.com.br\/index.php?rest_route=%2Fwp%2Fv2%2Ftags&post=4286"}],"curies":[{"name":"wp","href":"https:\/\/api.w.org\/{rel}","templated":true}]}}