{"id":4291,"date":"2026-01-26T14:51:12","date_gmt":"2026-01-26T17:51:12","guid":{"rendered":"https:\/\/portrasdanoticia.com.br\/?p=4291"},"modified":"2026-01-26T14:52:51","modified_gmt":"2026-01-26T17:52:51","slug":"secretaria-de-juventude-e-esporte-auxilia-jovens-na-emissao-do-id-jovem","status":"publish","type":"post","link":"https:\/\/portrasdanoticia.com.br\/?p=4291","title":{"rendered":"Secretaria de Juventude e Esporte de Valen\u00e7a auxilia jovens na emiss\u00e3o do ID Jovem"},"content":{"rendered":"\n<p>A Secretaria de Juventude e Esporte est\u00e1 oferecendo apoio aos jovens do munic\u00edpio que desejam emitir o ID Jovem, documento que garante uma s\u00e9rie de benef\u00edcios, como meia-entrada em eventos culturais e esportivos e desconto ou gratuidade no transporte interestadual.<\/p>\n\n\n\n<p>A iniciativa tem como objetivo facilitar o acesso dos jovens a esse direito, garantindo orienta\u00e7\u00e3o e aux\u00edlio durante todo o processo de solicita\u00e7\u00e3o da carteirinha.<br>Os interessados devem comparecer presencialmente \u00e0 Secretaria de Juventude e Esporte, localizada na Vila Oper\u00e1ria, Rua 04, n\u00ba 171, ao lado do Col\u00e9gio Get\u00falio Vargas, portando a documenta\u00e7\u00e3o necess\u00e1ria.<\/p>\n\n\n\n<p><strong>Veja as informa\u00e7\u00f5es no v\u00eddeo abaixo: <\/strong><\/p>\n\n\n\n<figure class=\"wp-block-video\"><video controls src=\"https:\/\/portrasdanoticia.com.br\/wp-content\/uploads\/2026\/01\/VID-20260126-WA0015.mp4\"><\/video><\/figure>\n\n\n\n<p><strong>Documentos necess\u00e1rios:<br>&#8211; Cadastro \u00danico (Cad\u00danico) atualizado<br>&#8211; CPF<\/strong><\/p>\n\n\n\n<p>O ID Jovem \u00e9 destinado a jovens de baixa renda e representa um importante instrumento de inclus\u00e3o social, promovendo o acesso \u00e0 cultura, ao lazer e \u00e0 mobilidade.<br>A Secretaria refor\u00e7a o convite para que os jovens procurem o atendimento, se informem e garantam esse direito.<\/p>\n\n\n\n<p>Garanta o seu direito!!!<\/p>\n\n\n\n<p><\/p>\n","protected":false},"excerpt":{"rendered":"<p>A Secretaria de Juventude e Esporte est\u00e1 oferecendo apoio aos jovens do munic\u00edpio que desejam emitir o ID Jovem, documento que garante uma s\u00e9rie de benef\u00edcios, como meia-entrada em eventos culturais e esportivos e desconto ou gratuidade no transporte interestadual. A iniciativa tem como objetivo facilitar o acesso dos jovens a esse direito, garantindo orienta\u00e7\u00e3o&#8230;<\/p>\n","protected":false},"author":3,"featured_media":4293,"comment_status":"open","ping_status":"open","sticky":false,"template":"","format":"standard","meta":{"_jetpack_memberships_contains_paid_content":false,"footnotes":""},"categories":[84,42],"tags":[],"class_list":["post-4291","post","type-post","status-publish","format-standard","has-post-thumbnail","hentry","category-juventude","category-valenca"],"yoast_head":"<!-- This site is optimized with the Yoast SEO plugin v26.8 - https:\/\/yoast.com\/product\/yoast-seo-wordpress\/ -->\n<title>Secretaria de Juventude e Esporte de Valen\u00e7a auxilia jovens na emiss\u00e3o do ID Jovem - Por Tr\u00e1s da Not\u00edcia<\/title>\n<meta name=\"robots\" content=\"index, follow, max-snippet:-1, max-image-preview:large, max-video-preview:-1\" \/>\n<link rel=\"canonical\" href=\"https:\/\/portrasdanoticia.com.br\/?p=4291\" \/>\n<meta property=\"og:locale\" content=\"pt_BR\" \/>\n<meta property=\"og:type\" content=\"article\" \/>\n<meta property=\"og:title\" content=\"Secretaria de Juventude e Esporte de Valen\u00e7a auxilia jovens na emiss\u00e3o do ID Jovem - Por Tr\u00e1s da Not\u00edcia\" \/>\n<meta property=\"og:description\" content=\"A Secretaria de Juventude e Esporte est\u00e1 oferecendo apoio aos jovens do munic\u00edpio que desejam emitir o ID Jovem, documento que garante uma s\u00e9rie de benef\u00edcios, como meia-entrada em eventos culturais e esportivos e desconto ou gratuidade no transporte interestadual. A iniciativa tem como objetivo facilitar o acesso dos jovens a esse direito, garantindo orienta\u00e7\u00e3o...\" \/>\n<meta property=\"og:url\" content=\"https:\/\/portrasdanoticia.com.br\/?p=4291\" \/>\n<meta property=\"og:site_name\" content=\"Por Tr\u00e1s da Not\u00edcia\" \/>\n<meta property=\"article:published_time\" content=\"2026-01-26T17:51:12+00:00\" \/>\n<meta property=\"article:modified_time\" content=\"2026-01-26T17:52:51+00:00\" \/>\n<meta property=\"og:image\" content=\"http:\/\/portrasdanoticia.com.br\/wp-content\/uploads\/2026\/01\/Design-sem-nome.png\" \/>\n\t<meta property=\"og:image:width\" content=\"275\" \/>\n\t<meta property=\"og:image:height\" content=\"183\" \/>\n\t<meta property=\"og:image:type\" content=\"image\/png\" \/>\n<meta name=\"author\" content=\"Colunista02\" \/>\n<meta name=\"twitter:card\" content=\"summary_large_image\" \/>\n<meta name=\"twitter:label1\" content=\"Escrito por\" \/>\n\t<meta name=\"twitter:data1\" content=\"Colunista02\" \/>\n\t<meta name=\"twitter:label2\" content=\"Est. tempo de leitura\" \/>\n\t<meta name=\"twitter:data2\" content=\"2 minutos\" \/>\n<script type=\"application\/ld+json\" class=\"yoast-schema-graph\">{\"@context\":\"https:\/\/schema.org\",\"@graph\":[{\"@type\":\"Article\",\"@id\":\"https:\/\/portrasdanoticia.com.br\/?p=4291#article\",\"isPartOf\":{\"@id\":\"https:\/\/portrasdanoticia.com.br\/?p=4291\"},\"author\":{\"name\":\"Colunista02\",\"@id\":\"https:\/\/portrasdanoticia.com.br\/#\/schema\/person\/9c0127647bcfb3db44a2c6108d0d1192\"},\"headline\":\"Secretaria de Juventude e Esporte de Valen\u00e7a auxilia jovens na emiss\u00e3o do ID Jovem\",\"datePublished\":\"2026-01-26T17:51:12+00:00\",\"dateModified\":\"2026-01-26T17:52:51+00:00\",\"mainEntityOfPage\":{\"@id\":\"https:\/\/portrasdanoticia.com.br\/?p=4291\"},\"wordCount\":185,\"commentCount\":0,\"publisher\":{\"@id\":\"https:\/\/portrasdanoticia.com.br\/#organization\"},\"image\":{\"@id\":\"https:\/\/portrasdanoticia.com.br\/?p=4291#primaryimage\"},\"thumbnailUrl\":\"https:\/\/i0.wp.com\/portrasdanoticia.com.br\/wp-content\/uploads\/2026\/01\/Design-sem-nome.png?fit=275%2C183&ssl=1\",\"articleSection\":[\"Juventude\",\"Valen\u00e7a\"],\"inLanguage\":\"pt-BR\",\"potentialAction\":[{\"@type\":\"CommentAction\",\"name\":\"Comment\",\"target\":[\"https:\/\/portrasdanoticia.com.br\/?p=4291#respond\"]}]},{\"@type\":\"WebPage\",\"@id\":\"https:\/\/portrasdanoticia.com.br\/?p=4291\",\"url\":\"https:\/\/portrasdanoticia.com.br\/?p=4291\",\"name\":\"Secretaria de Juventude e Esporte de Valen\u00e7a auxilia jovens na emiss\u00e3o do ID Jovem - Por Tr\u00e1s da Not\u00edcia\",\"isPartOf\":{\"@id\":\"https:\/\/portrasdanoticia.com.br\/#website\"},\"primaryImageOfPage\":{\"@id\":\"https:\/\/portrasdanoticia.com.br\/?p=4291#primaryimage\"},\"image\":{\"@id\":\"https:\/\/portrasdanoticia.com.br\/?p=4291#primaryimage\"},\"thumbnailUrl\":\"https:\/\/i0.wp.com\/portrasdanoticia.com.br\/wp-content\/uploads\/2026\/01\/Design-sem-nome.png?fit=275%2C183&ssl=1\",\"datePublished\":\"2026-01-26T17:51:12+00:00\",\"dateModified\":\"2026-01-26T17:52:51+00:00\",\"breadcrumb\":{\"@id\":\"https:\/\/portrasdanoticia.com.br\/?p=4291#breadcrumb\"},\"inLanguage\":\"pt-BR\",\"potentialAction\":[{\"@type\":\"ReadAction\",\"target\":[\"https:\/\/portrasdanoticia.com.br\/?p=4291\"]}]},{\"@type\":\"ImageObject\",\"inLanguage\":\"pt-BR\",\"@id\":\"https:\/\/portrasdanoticia.com.br\/?p=4291#primaryimage\",\"url\":\"https:\/\/i0.wp.com\/portrasdanoticia.com.br\/wp-content\/uploads\/2026\/01\/Design-sem-nome.png?fit=275%2C183&ssl=1\",\"contentUrl\":\"https:\/\/i0.wp.com\/portrasdanoticia.com.br\/wp-content\/uploads\/2026\/01\/Design-sem-nome.png?fit=275%2C183&ssl=1\",\"width\":275,\"height\":183},{\"@type\":\"BreadcrumbList\",\"@id\":\"https:\/\/portrasdanoticia.com.br\/?p=4291#breadcrumb\",\"itemListElement\":[{\"@type\":\"ListItem\",\"position\":1,\"name\":\"In\u00edcio\",\"item\":\"https:\/\/portrasdanoticia.com.br\/\"},{\"@type\":\"ListItem\",\"position\":2,\"name\":\"Secretaria de Juventude e Esporte de Valen\u00e7a auxilia jovens na emiss\u00e3o do ID Jovem\"}]},{\"@type\":\"WebSite\",\"@id\":\"https:\/\/portrasdanoticia.com.br\/#website\",\"url\":\"https:\/\/portrasdanoticia.com.br\/\",\"name\":\"Por tr\u00e1s da Not\u00edcia\",\"description\":\"\",\"publisher\":{\"@id\":\"https:\/\/portrasdanoticia.com.br\/#organization\"},\"potentialAction\":[{\"@type\":\"SearchAction\",\"target\":{\"@type\":\"EntryPoint\",\"urlTemplate\":\"https:\/\/portrasdanoticia.com.br\/?s={search_term_string}\"},\"query-input\":{\"@type\":\"PropertyValueSpecification\",\"valueRequired\":true,\"valueName\":\"search_term_string\"}}],\"inLanguage\":\"pt-BR\"},{\"@type\":\"Organization\",\"@id\":\"https:\/\/portrasdanoticia.com.br\/#organization\",\"name\":\"Por tr\u00e1s da Not\u00edcia\",\"url\":\"https:\/\/portrasdanoticia.com.br\/\",\"logo\":{\"@type\":\"ImageObject\",\"inLanguage\":\"pt-BR\",\"@id\":\"https:\/\/portrasdanoticia.com.br\/#\/schema\/logo\/image\/\",\"url\":\"https:\/\/i0.wp.com\/portrasdanoticia.com.br\/wp-content\/uploads\/2024\/03\/cropped-photo_4911184121477311577_y.jpg?fit=975%2C367&ssl=1\",\"contentUrl\":\"https:\/\/i0.wp.com\/portrasdanoticia.com.br\/wp-content\/uploads\/2024\/03\/cropped-photo_4911184121477311577_y.jpg?fit=975%2C367&ssl=1\",\"width\":975,\"height\":367,\"caption\":\"Por tr\u00e1s da Not\u00edcia\"},\"image\":{\"@id\":\"https:\/\/portrasdanoticia.com.br\/#\/schema\/logo\/image\/\"}},{\"@type\":\"Person\",\"@id\":\"https:\/\/portrasdanoticia.com.br\/#\/schema\/person\/9c0127647bcfb3db44a2c6108d0d1192\",\"name\":\"Colunista02\",\"image\":{\"@type\":\"ImageObject\",\"inLanguage\":\"pt-BR\",\"@id\":\"https:\/\/portrasdanoticia.com.br\/#\/schema\/person\/image\/\",\"url\":\"https:\/\/secure.gravatar.com\/avatar\/e5c6e9a3d1a4c234d8f054b59de3dd17?s=96&d=mm&r=g\",\"contentUrl\":\"https:\/\/secure.gravatar.com\/avatar\/e5c6e9a3d1a4c234d8f054b59de3dd17?s=96&d=mm&r=g\",\"caption\":\"Colunista02\"},\"sameAs\":[\"https:\/\/portrasdanoticia.com.br\/\"],\"url\":\"https:\/\/portrasdanoticia.com.br\/?author=3\"}]}<\/script>\n<!-- \/ Yoast SEO plugin. -->","yoast_head_json":{"title":"Secretaria de Juventude e Esporte de Valen\u00e7a auxilia jovens na emiss\u00e3o do ID Jovem - Por Tr\u00e1s da Not\u00edcia","robots":{"index":"index","follow":"follow","max-snippet":"max-snippet:-1","max-image-preview":"max-image-preview:large","max-video-preview":"max-video-preview:-1"},"canonical":"https:\/\/portrasdanoticia.com.br\/?p=4291","og_locale":"pt_BR","og_type":"article","og_title":"Secretaria de Juventude e Esporte de Valen\u00e7a auxilia jovens na emiss\u00e3o do ID Jovem - Por Tr\u00e1s da Not\u00edcia","og_description":"A Secretaria de Juventude e Esporte est\u00e1 oferecendo apoio aos jovens do munic\u00edpio que desejam emitir o ID Jovem, documento que garante uma s\u00e9rie de benef\u00edcios, como meia-entrada em eventos culturais e esportivos e desconto ou gratuidade no transporte interestadual. A iniciativa tem como objetivo facilitar o acesso dos jovens a esse direito, garantindo orienta\u00e7\u00e3o...","og_url":"https:\/\/portrasdanoticia.com.br\/?p=4291","og_site_name":"Por Tr\u00e1s da Not\u00edcia","article_published_time":"2026-01-26T17:51:12+00:00","article_modified_time":"2026-01-26T17:52:51+00:00","og_image":[{"width":275,"height":183,"url":"http:\/\/portrasdanoticia.com.br\/wp-content\/uploads\/2026\/01\/Design-sem-nome.png","type":"image\/png"}],"author":"Colunista02","twitter_card":"summary_large_image","twitter_misc":{"Escrito por":"Colunista02","Est. tempo de leitura":"2 minutos"},"schema":{"@context":"https:\/\/schema.org","@graph":[{"@type":"Article","@id":"https:\/\/portrasdanoticia.com.br\/?p=4291#article","isPartOf":{"@id":"https:\/\/portrasdanoticia.com.br\/?p=4291"},"author":{"name":"Colunista02","@id":"https:\/\/portrasdanoticia.com.br\/#\/schema\/person\/9c0127647bcfb3db44a2c6108d0d1192"},"headline":"Secretaria de Juventude e Esporte de Valen\u00e7a auxilia jovens na emiss\u00e3o do ID Jovem","datePublished":"2026-01-26T17:51:12+00:00","dateModified":"2026-01-26T17:52:51+00:00","mainEntityOfPage":{"@id":"https:\/\/portrasdanoticia.com.br\/?p=4291"},"wordCount":185,"commentCount":0,"publisher":{"@id":"https:\/\/portrasdanoticia.com.br\/#organization"},"image":{"@id":"https:\/\/portrasdanoticia.com.br\/?p=4291#primaryimage"},"thumbnailUrl":"https:\/\/i0.wp.com\/portrasdanoticia.com.br\/wp-content\/uploads\/2026\/01\/Design-sem-nome.png?fit=275%2C183&ssl=1","articleSection":["Juventude","Valen\u00e7a"],"inLanguage":"pt-BR","potentialAction":[{"@type":"CommentAction","name":"Comment","target":["https:\/\/portrasdanoticia.com.br\/?p=4291#respond"]}]},{"@type":"WebPage","@id":"https:\/\/portrasdanoticia.com.br\/?p=4291","url":"https:\/\/portrasdanoticia.com.br\/?p=4291","name":"Secretaria de Juventude e Esporte de Valen\u00e7a auxilia jovens na emiss\u00e3o do ID Jovem - Por Tr\u00e1s da Not\u00edcia","isPartOf":{"@id":"https:\/\/portrasdanoticia.com.br\/#website"},"primaryImageOfPage":{"@id":"https:\/\/portrasdanoticia.com.br\/?p=4291#primaryimage"},"image":{"@id":"https:\/\/portrasdanoticia.com.br\/?p=4291#primaryimage"},"thumbnailUrl":"https:\/\/i0.wp.com\/portrasdanoticia.com.br\/wp-content\/uploads\/2026\/01\/Design-sem-nome.png?fit=275%2C183&ssl=1","datePublished":"2026-01-26T17:51:12+00:00","dateModified":"2026-01-26T17:52:51+00:00","breadcrumb":{"@id":"https:\/\/portrasdanoticia.com.br\/?p=4291#breadcrumb"},"inLanguage":"pt-BR","potentialAction":[{"@type":"ReadAction","target":["https:\/\/portrasdanoticia.com.br\/?p=4291"]}]},{"@type":"ImageObject","inLanguage":"pt-BR","@id":"https:\/\/portrasdanoticia.com.br\/?p=4291#primaryimage","url":"https:\/\/i0.wp.com\/portrasdanoticia.com.br\/wp-content\/uploads\/2026\/01\/Design-sem-nome.png?fit=275%2C183&ssl=1","contentUrl":"https:\/\/i0.wp.com\/portrasdanoticia.com.br\/wp-content\/uploads\/2026\/01\/Design-sem-nome.png?fit=275%2C183&ssl=1","width":275,"height":183},{"@type":"BreadcrumbList","@id":"https:\/\/portrasdanoticia.com.br\/?p=4291#breadcrumb","itemListElement":[{"@type":"ListItem","position":1,"name":"In\u00edcio","item":"https:\/\/portrasdanoticia.com.br\/"},{"@type":"ListItem","position":2,"name":"Secretaria de Juventude e Esporte de Valen\u00e7a auxilia jovens na emiss\u00e3o do ID Jovem"}]},{"@type":"WebSite","@id":"https:\/\/portrasdanoticia.com.br\/#website","url":"https:\/\/portrasdanoticia.com.br\/","name":"Por tr\u00e1s da Not\u00edcia","description":"","publisher":{"@id":"https:\/\/portrasdanoticia.com.br\/#organization"},"potentialAction":[{"@type":"SearchAction","target":{"@type":"EntryPoint","urlTemplate":"https:\/\/portrasdanoticia.com.br\/?s={search_term_string}"},"query-input":{"@type":"PropertyValueSpecification","valueRequired":true,"valueName":"search_term_string"}}],"inLanguage":"pt-BR"},{"@type":"Organization","@id":"https:\/\/portrasdanoticia.com.br\/#organization","name":"Por tr\u00e1s da Not\u00edcia","url":"https:\/\/portrasdanoticia.com.br\/","logo":{"@type":"ImageObject","inLanguage":"pt-BR","@id":"https:\/\/portrasdanoticia.com.br\/#\/schema\/logo\/image\/","url":"https:\/\/i0.wp.com\/portrasdanoticia.com.br\/wp-content\/uploads\/2024\/03\/cropped-photo_4911184121477311577_y.jpg?fit=975%2C367&ssl=1","contentUrl":"https:\/\/i0.wp.com\/portrasdanoticia.com.br\/wp-content\/uploads\/2024\/03\/cropped-photo_4911184121477311577_y.jpg?fit=975%2C367&ssl=1","width":975,"height":367,"caption":"Por tr\u00e1s da Not\u00edcia"},"image":{"@id":"https:\/\/portrasdanoticia.com.br\/#\/schema\/logo\/image\/"}},{"@type":"Person","@id":"https:\/\/portrasdanoticia.com.br\/#\/schema\/person\/9c0127647bcfb3db44a2c6108d0d1192","name":"Colunista02","image":{"@type":"ImageObject","inLanguage":"pt-BR","@id":"https:\/\/portrasdanoticia.com.br\/#\/schema\/person\/image\/","url":"https:\/\/secure.gravatar.com\/avatar\/e5c6e9a3d1a4c234d8f054b59de3dd17?s=96&d=mm&r=g","contentUrl":"https:\/\/secure.gravatar.com\/avatar\/e5c6e9a3d1a4c234d8f054b59de3dd17?s=96&d=mm&r=g","caption":"Colunista02"},"sameAs":["https:\/\/portrasdanoticia.com.br\/"],"url":"https:\/\/portrasdanoticia.com.br\/?author=3"}]}},"jetpack_sharing_enabled":true,"jetpack_featured_media_url":"https:\/\/i0.wp.com\/portrasdanoticia.com.br\/wp-content\/uploads\/2026\/01\/Design-sem-nome.png?fit=275%2C183&ssl=1","_links":{"self":[{"href":"https:\/\/portrasdanoticia.com.br\/index.php?rest_route=\/wp\/v2\/posts\/4291","targetHints":{"allow":["GET"]}}],"collection":[{"href":"https:\/\/portrasdanoticia.com.br\/index.php?rest_route=\/wp\/v2\/posts"}],"about":[{"href":"https:\/\/portrasdanoticia.com.br\/index.php?rest_route=\/wp\/v2\/types\/post"}],"author":[{"embeddable":true,"href":"https:\/\/portrasdanoticia.com.br\/index.php?rest_route=\/wp\/v2\/users\/3"}],"replies":[{"embeddable":true,"href":"https:\/\/portrasdanoticia.com.br\/index.php?rest_route=%2Fwp%2Fv2%2Fcomments&post=4291"}],"version-history":[{"count":2,"href":"https:\/\/portrasdanoticia.com.br\/index.php?rest_route=\/wp\/v2\/posts\/4291\/revisions"}],"predecessor-version":[{"id":4295,"href":"https:\/\/portrasdanoticia.com.br\/index.php?rest_route=\/wp\/v2\/posts\/4291\/revisions\/4295"}],"wp:featuredmedia":[{"embeddable":true,"href":"https:\/\/portrasdanoticia.com.br\/index.php?rest_route=\/wp\/v2\/media\/4293"}],"wp:attachment":[{"href":"https:\/\/portrasdanoticia.com.br\/index.php?rest_route=%2Fwp%2Fv2%2Fmedia&parent=4291"}],"wp:term":[{"taxonomy":"category","embeddable":true,"href":"https:\/\/portrasdanoticia.com.br\/index.php?rest_route=%2Fwp%2Fv2%2Fcategories&post=4291"},{"taxonomy":"post_tag","embeddable":true,"href":"https:\/\/portrasdanoticia.com.br\/index.php?rest_route=%2Fwp%2Fv2%2Ftags&post=4291"}],"curies":[{"name":"wp","href":"https:\/\/api.w.org\/{rel}","templated":true}]}}