{"id":4296,"date":"2026-01-26T22:00:58","date_gmt":"2026-01-27T01:00:58","guid":{"rendered":"https:\/\/portrasdanoticia.com.br\/?p=4296"},"modified":"2026-01-26T22:01:00","modified_gmt":"2026-01-27T01:01:00","slug":"parceria-entre-o-vereador-fabricio-lemos-secretaria-de-esportes-e-liga-valenciana-reforca-busca-por-investimentos-para-o-municipio","status":"publish","type":"post","link":"https:\/\/portrasdanoticia.com.br\/?p=4296","title":{"rendered":"Parceria entre o vereador Fabricio Lemos, Secretaria de Esportes e Liga Valenciana refor\u00e7a busca por investimentos para o munic\u00edpio."},"content":{"rendered":"\n<p>O vereador Fabr\u00edcio Lemos participou, na \u00faltima sexta-feira, de uma reuni\u00e3o na Federa\u00e7\u00e3o Baiana de Futebol (FBF), onde apresentou, ao lado do secret\u00e1rio de Esportes Madger Willian, importantes demandas para o fortalecimento do esporte em Valen\u00e7a. A agenda teve como foco a amplia\u00e7\u00e3o de investimentos, apoio institucional e novas oportunidades para atletas e projetos esportivos do munic\u00edpio.<\/p>\n\n\n\n<p>Tamb\u00e9m estiveram presentes o presidente da Liga Valenciana de Futebol, Edmundo Fonseca, membros da Secretaria de Esportes e a equipe de assessores do vereador, refor\u00e7ando a uni\u00e3o de esfor\u00e7os em prol do desenvolvimento esportivo local.<\/p>\n\n\n\n<p>A comitiva foi recebida pelo presidente da FBF, Ricardo Lima, e pela diretora Ta\u00edse Galv\u00e3o, que acolheram as demandas e se colocaram \u00e0 disposi\u00e7\u00e3o para colaborar com iniciativas que impulsionem o esporte valenciano.<\/p>\n\n\n\n<p>Para o vereador Fabr\u00edcio Lemos, a reuni\u00e3o representa mais um passo importante na constru\u00e7\u00e3o de parcerias s\u00f3lidas:<br>\u201cSeguimos comprometidos em buscar investimentos e fortalecer o esporte em nossa cidade. Essa aproxima\u00e7\u00e3o com a Federa\u00e7\u00e3o \u00e9 fundamental para garantir avan\u00e7os reais para Valen\u00e7a.\u201d<\/p>\n\n\n\n<p>A expectativa \u00e9 de que novos encaminhamentos sejam realizados nas pr\u00f3ximas semanas, consolidando a\u00e7\u00f5es que beneficiar\u00e3o atletas, equipes e toda a comunidade esportiva.<\/p>\n","protected":false},"excerpt":{"rendered":"<p>O vereador Fabr\u00edcio Lemos participou, na \u00faltima sexta-feira, de uma reuni\u00e3o na Federa\u00e7\u00e3o Baiana de Futebol (FBF), onde apresentou, ao lado do secret\u00e1rio de Esportes Madger Willian, importantes demandas para o fortalecimento do esporte em Valen\u00e7a. A agenda teve como foco a amplia\u00e7\u00e3o de investimentos, apoio institucional e novas oportunidades para atletas e projetos esportivos&#8230;<\/p>\n","protected":false},"author":4,"featured_media":4297,"comment_status":"open","ping_status":"open","sticky":false,"template":"","format":"standard","meta":{"_jetpack_memberships_contains_paid_content":false,"footnotes":""},"categories":[2],"tags":[],"class_list":["post-4296","post","type-post","status-publish","format-standard","has-post-thumbnail","hentry","category-esporte"],"yoast_head":"<!-- This site is optimized with the Yoast SEO plugin v26.8 - https:\/\/yoast.com\/product\/yoast-seo-wordpress\/ -->\n<title>Parceria entre o vereador Fabricio Lemos, Secretaria de Esportes e Liga Valenciana refor\u00e7a busca por investimentos para o munic\u00edpio. - Por Tr\u00e1s da Not\u00edcia<\/title>\n<meta name=\"robots\" content=\"index, follow, max-snippet:-1, max-image-preview:large, max-video-preview:-1\" \/>\n<link rel=\"canonical\" href=\"https:\/\/portrasdanoticia.com.br\/?p=4296\" \/>\n<meta property=\"og:locale\" content=\"pt_BR\" \/>\n<meta property=\"og:type\" content=\"article\" \/>\n<meta property=\"og:title\" content=\"Parceria entre o vereador Fabricio Lemos, Secretaria de Esportes e Liga Valenciana refor\u00e7a busca por investimentos para o munic\u00edpio. - Por Tr\u00e1s da Not\u00edcia\" \/>\n<meta property=\"og:description\" content=\"O vereador Fabr\u00edcio Lemos participou, na \u00faltima sexta-feira, de uma reuni\u00e3o na Federa\u00e7\u00e3o Baiana de Futebol (FBF), onde apresentou, ao lado do secret\u00e1rio de Esportes Madger Willian, importantes demandas para o fortalecimento do esporte em Valen\u00e7a. A agenda teve como foco a amplia\u00e7\u00e3o de investimentos, apoio institucional e novas oportunidades para atletas e projetos esportivos...\" \/>\n<meta property=\"og:url\" content=\"https:\/\/portrasdanoticia.com.br\/?p=4296\" \/>\n<meta property=\"og:site_name\" content=\"Por Tr\u00e1s da Not\u00edcia\" \/>\n<meta property=\"article:published_time\" content=\"2026-01-27T01:00:58+00:00\" \/>\n<meta property=\"article:modified_time\" content=\"2026-01-27T01:01:00+00:00\" \/>\n<meta property=\"og:image\" content=\"http:\/\/portrasdanoticia.com.br\/wp-content\/uploads\/2026\/01\/IMG_9971-scaled.jpeg\" \/>\n\t<meta property=\"og:image:width\" content=\"1920\" \/>\n\t<meta property=\"og:image:height\" content=\"2560\" \/>\n\t<meta property=\"og:image:type\" content=\"image\/jpeg\" \/>\n<meta name=\"author\" content=\"Colunista01\" \/>\n<meta name=\"twitter:card\" content=\"summary_large_image\" \/>\n<meta name=\"twitter:label1\" content=\"Escrito por\" \/>\n\t<meta name=\"twitter:data1\" content=\"Colunista01\" \/>\n\t<meta name=\"twitter:label2\" content=\"Est. tempo de leitura\" \/>\n\t<meta name=\"twitter:data2\" content=\"2 minutos\" \/>\n<script type=\"application\/ld+json\" class=\"yoast-schema-graph\">{\"@context\":\"https:\/\/schema.org\",\"@graph\":[{\"@type\":\"Article\",\"@id\":\"https:\/\/portrasdanoticia.com.br\/?p=4296#article\",\"isPartOf\":{\"@id\":\"https:\/\/portrasdanoticia.com.br\/?p=4296\"},\"author\":{\"name\":\"Colunista01\",\"@id\":\"https:\/\/portrasdanoticia.com.br\/#\/schema\/person\/c82049a66889abc8daf6f947cd4e34f9\"},\"headline\":\"Parceria entre o vereador Fabricio Lemos, Secretaria de Esportes e Liga Valenciana refor\u00e7a busca por investimentos para o munic\u00edpio.\",\"datePublished\":\"2026-01-27T01:00:58+00:00\",\"dateModified\":\"2026-01-27T01:01:00+00:00\",\"mainEntityOfPage\":{\"@id\":\"https:\/\/portrasdanoticia.com.br\/?p=4296\"},\"wordCount\":233,\"commentCount\":0,\"publisher\":{\"@id\":\"https:\/\/portrasdanoticia.com.br\/#organization\"},\"image\":{\"@id\":\"https:\/\/portrasdanoticia.com.br\/?p=4296#primaryimage\"},\"thumbnailUrl\":\"https:\/\/i0.wp.com\/portrasdanoticia.com.br\/wp-content\/uploads\/2026\/01\/IMG_9971-scaled.jpeg?fit=1920%2C2560&ssl=1\",\"articleSection\":[\"Esporte\"],\"inLanguage\":\"pt-BR\",\"potentialAction\":[{\"@type\":\"CommentAction\",\"name\":\"Comment\",\"target\":[\"https:\/\/portrasdanoticia.com.br\/?p=4296#respond\"]}]},{\"@type\":\"WebPage\",\"@id\":\"https:\/\/portrasdanoticia.com.br\/?p=4296\",\"url\":\"https:\/\/portrasdanoticia.com.br\/?p=4296\",\"name\":\"Parceria entre o vereador Fabricio Lemos, Secretaria de Esportes e Liga Valenciana refor\u00e7a busca por investimentos para o munic\u00edpio. - Por Tr\u00e1s da Not\u00edcia\",\"isPartOf\":{\"@id\":\"https:\/\/portrasdanoticia.com.br\/#website\"},\"primaryImageOfPage\":{\"@id\":\"https:\/\/portrasdanoticia.com.br\/?p=4296#primaryimage\"},\"image\":{\"@id\":\"https:\/\/portrasdanoticia.com.br\/?p=4296#primaryimage\"},\"thumbnailUrl\":\"https:\/\/i0.wp.com\/portrasdanoticia.com.br\/wp-content\/uploads\/2026\/01\/IMG_9971-scaled.jpeg?fit=1920%2C2560&ssl=1\",\"datePublished\":\"2026-01-27T01:00:58+00:00\",\"dateModified\":\"2026-01-27T01:01:00+00:00\",\"breadcrumb\":{\"@id\":\"https:\/\/portrasdanoticia.com.br\/?p=4296#breadcrumb\"},\"inLanguage\":\"pt-BR\",\"potentialAction\":[{\"@type\":\"ReadAction\",\"target\":[\"https:\/\/portrasdanoticia.com.br\/?p=4296\"]}]},{\"@type\":\"ImageObject\",\"inLanguage\":\"pt-BR\",\"@id\":\"https:\/\/portrasdanoticia.com.br\/?p=4296#primaryimage\",\"url\":\"https:\/\/i0.wp.com\/portrasdanoticia.com.br\/wp-content\/uploads\/2026\/01\/IMG_9971-scaled.jpeg?fit=1920%2C2560&ssl=1\",\"contentUrl\":\"https:\/\/i0.wp.com\/portrasdanoticia.com.br\/wp-content\/uploads\/2026\/01\/IMG_9971-scaled.jpeg?fit=1920%2C2560&ssl=1\",\"width\":1920,\"height\":2560},{\"@type\":\"BreadcrumbList\",\"@id\":\"https:\/\/portrasdanoticia.com.br\/?p=4296#breadcrumb\",\"itemListElement\":[{\"@type\":\"ListItem\",\"position\":1,\"name\":\"In\u00edcio\",\"item\":\"https:\/\/portrasdanoticia.com.br\/\"},{\"@type\":\"ListItem\",\"position\":2,\"name\":\"Parceria entre o vereador Fabricio Lemos, Secretaria de Esportes e Liga Valenciana refor\u00e7a busca por investimentos para o munic\u00edpio.\"}]},{\"@type\":\"WebSite\",\"@id\":\"https:\/\/portrasdanoticia.com.br\/#website\",\"url\":\"https:\/\/portrasdanoticia.com.br\/\",\"name\":\"Por tr\u00e1s da Not\u00edcia\",\"description\":\"\",\"publisher\":{\"@id\":\"https:\/\/portrasdanoticia.com.br\/#organization\"},\"potentialAction\":[{\"@type\":\"SearchAction\",\"target\":{\"@type\":\"EntryPoint\",\"urlTemplate\":\"https:\/\/portrasdanoticia.com.br\/?s={search_term_string}\"},\"query-input\":{\"@type\":\"PropertyValueSpecification\",\"valueRequired\":true,\"valueName\":\"search_term_string\"}}],\"inLanguage\":\"pt-BR\"},{\"@type\":\"Organization\",\"@id\":\"https:\/\/portrasdanoticia.com.br\/#organization\",\"name\":\"Por tr\u00e1s da Not\u00edcia\",\"url\":\"https:\/\/portrasdanoticia.com.br\/\",\"logo\":{\"@type\":\"ImageObject\",\"inLanguage\":\"pt-BR\",\"@id\":\"https:\/\/portrasdanoticia.com.br\/#\/schema\/logo\/image\/\",\"url\":\"https:\/\/i0.wp.com\/portrasdanoticia.com.br\/wp-content\/uploads\/2024\/03\/cropped-photo_4911184121477311577_y.jpg?fit=975%2C367&ssl=1\",\"contentUrl\":\"https:\/\/i0.wp.com\/portrasdanoticia.com.br\/wp-content\/uploads\/2024\/03\/cropped-photo_4911184121477311577_y.jpg?fit=975%2C367&ssl=1\",\"width\":975,\"height\":367,\"caption\":\"Por tr\u00e1s da Not\u00edcia\"},\"image\":{\"@id\":\"https:\/\/portrasdanoticia.com.br\/#\/schema\/logo\/image\/\"}},{\"@type\":\"Person\",\"@id\":\"https:\/\/portrasdanoticia.com.br\/#\/schema\/person\/c82049a66889abc8daf6f947cd4e34f9\",\"name\":\"Colunista01\",\"image\":{\"@type\":\"ImageObject\",\"inLanguage\":\"pt-BR\",\"@id\":\"https:\/\/portrasdanoticia.com.br\/#\/schema\/person\/image\/\",\"url\":\"https:\/\/secure.gravatar.com\/avatar\/bbd2f0a69a82c93c144cbc2d621b8663?s=96&d=mm&r=g\",\"contentUrl\":\"https:\/\/secure.gravatar.com\/avatar\/bbd2f0a69a82c93c144cbc2d621b8663?s=96&d=mm&r=g\",\"caption\":\"Colunista01\"},\"sameAs\":[\"https:\/\/portrasdanoticia.com.br\/\"],\"url\":\"https:\/\/portrasdanoticia.com.br\/?author=4\"}]}<\/script>\n<!-- \/ Yoast SEO plugin. -->","yoast_head_json":{"title":"Parceria entre o vereador Fabricio Lemos, Secretaria de Esportes e Liga Valenciana refor\u00e7a busca por investimentos para o munic\u00edpio. - Por Tr\u00e1s da Not\u00edcia","robots":{"index":"index","follow":"follow","max-snippet":"max-snippet:-1","max-image-preview":"max-image-preview:large","max-video-preview":"max-video-preview:-1"},"canonical":"https:\/\/portrasdanoticia.com.br\/?p=4296","og_locale":"pt_BR","og_type":"article","og_title":"Parceria entre o vereador Fabricio Lemos, Secretaria de Esportes e Liga Valenciana refor\u00e7a busca por investimentos para o munic\u00edpio. - Por Tr\u00e1s da Not\u00edcia","og_description":"O vereador Fabr\u00edcio Lemos participou, na \u00faltima sexta-feira, de uma reuni\u00e3o na Federa\u00e7\u00e3o Baiana de Futebol (FBF), onde apresentou, ao lado do secret\u00e1rio de Esportes Madger Willian, importantes demandas para o fortalecimento do esporte em Valen\u00e7a. A agenda teve como foco a amplia\u00e7\u00e3o de investimentos, apoio institucional e novas oportunidades para atletas e projetos esportivos...","og_url":"https:\/\/portrasdanoticia.com.br\/?p=4296","og_site_name":"Por Tr\u00e1s da Not\u00edcia","article_published_time":"2026-01-27T01:00:58+00:00","article_modified_time":"2026-01-27T01:01:00+00:00","og_image":[{"width":1920,"height":2560,"url":"http:\/\/portrasdanoticia.com.br\/wp-content\/uploads\/2026\/01\/IMG_9971-scaled.jpeg","type":"image\/jpeg"}],"author":"Colunista01","twitter_card":"summary_large_image","twitter_misc":{"Escrito por":"Colunista01","Est. tempo de leitura":"2 minutos"},"schema":{"@context":"https:\/\/schema.org","@graph":[{"@type":"Article","@id":"https:\/\/portrasdanoticia.com.br\/?p=4296#article","isPartOf":{"@id":"https:\/\/portrasdanoticia.com.br\/?p=4296"},"author":{"name":"Colunista01","@id":"https:\/\/portrasdanoticia.com.br\/#\/schema\/person\/c82049a66889abc8daf6f947cd4e34f9"},"headline":"Parceria entre o vereador Fabricio Lemos, Secretaria de Esportes e Liga Valenciana refor\u00e7a busca por investimentos para o munic\u00edpio.","datePublished":"2026-01-27T01:00:58+00:00","dateModified":"2026-01-27T01:01:00+00:00","mainEntityOfPage":{"@id":"https:\/\/portrasdanoticia.com.br\/?p=4296"},"wordCount":233,"commentCount":0,"publisher":{"@id":"https:\/\/portrasdanoticia.com.br\/#organization"},"image":{"@id":"https:\/\/portrasdanoticia.com.br\/?p=4296#primaryimage"},"thumbnailUrl":"https:\/\/i0.wp.com\/portrasdanoticia.com.br\/wp-content\/uploads\/2026\/01\/IMG_9971-scaled.jpeg?fit=1920%2C2560&ssl=1","articleSection":["Esporte"],"inLanguage":"pt-BR","potentialAction":[{"@type":"CommentAction","name":"Comment","target":["https:\/\/portrasdanoticia.com.br\/?p=4296#respond"]}]},{"@type":"WebPage","@id":"https:\/\/portrasdanoticia.com.br\/?p=4296","url":"https:\/\/portrasdanoticia.com.br\/?p=4296","name":"Parceria entre o vereador Fabricio Lemos, Secretaria de Esportes e Liga Valenciana refor\u00e7a busca por investimentos para o munic\u00edpio. - Por Tr\u00e1s da Not\u00edcia","isPartOf":{"@id":"https:\/\/portrasdanoticia.com.br\/#website"},"primaryImageOfPage":{"@id":"https:\/\/portrasdanoticia.com.br\/?p=4296#primaryimage"},"image":{"@id":"https:\/\/portrasdanoticia.com.br\/?p=4296#primaryimage"},"thumbnailUrl":"https:\/\/i0.wp.com\/portrasdanoticia.com.br\/wp-content\/uploads\/2026\/01\/IMG_9971-scaled.jpeg?fit=1920%2C2560&ssl=1","datePublished":"2026-01-27T01:00:58+00:00","dateModified":"2026-01-27T01:01:00+00:00","breadcrumb":{"@id":"https:\/\/portrasdanoticia.com.br\/?p=4296#breadcrumb"},"inLanguage":"pt-BR","potentialAction":[{"@type":"ReadAction","target":["https:\/\/portrasdanoticia.com.br\/?p=4296"]}]},{"@type":"ImageObject","inLanguage":"pt-BR","@id":"https:\/\/portrasdanoticia.com.br\/?p=4296#primaryimage","url":"https:\/\/i0.wp.com\/portrasdanoticia.com.br\/wp-content\/uploads\/2026\/01\/IMG_9971-scaled.jpeg?fit=1920%2C2560&ssl=1","contentUrl":"https:\/\/i0.wp.com\/portrasdanoticia.com.br\/wp-content\/uploads\/2026\/01\/IMG_9971-scaled.jpeg?fit=1920%2C2560&ssl=1","width":1920,"height":2560},{"@type":"BreadcrumbList","@id":"https:\/\/portrasdanoticia.com.br\/?p=4296#breadcrumb","itemListElement":[{"@type":"ListItem","position":1,"name":"In\u00edcio","item":"https:\/\/portrasdanoticia.com.br\/"},{"@type":"ListItem","position":2,"name":"Parceria entre o vereador Fabricio Lemos, Secretaria de Esportes e Liga Valenciana refor\u00e7a busca por investimentos para o munic\u00edpio."}]},{"@type":"WebSite","@id":"https:\/\/portrasdanoticia.com.br\/#website","url":"https:\/\/portrasdanoticia.com.br\/","name":"Por tr\u00e1s da Not\u00edcia","description":"","publisher":{"@id":"https:\/\/portrasdanoticia.com.br\/#organization"},"potentialAction":[{"@type":"SearchAction","target":{"@type":"EntryPoint","urlTemplate":"https:\/\/portrasdanoticia.com.br\/?s={search_term_string}"},"query-input":{"@type":"PropertyValueSpecification","valueRequired":true,"valueName":"search_term_string"}}],"inLanguage":"pt-BR"},{"@type":"Organization","@id":"https:\/\/portrasdanoticia.com.br\/#organization","name":"Por tr\u00e1s da Not\u00edcia","url":"https:\/\/portrasdanoticia.com.br\/","logo":{"@type":"ImageObject","inLanguage":"pt-BR","@id":"https:\/\/portrasdanoticia.com.br\/#\/schema\/logo\/image\/","url":"https:\/\/i0.wp.com\/portrasdanoticia.com.br\/wp-content\/uploads\/2024\/03\/cropped-photo_4911184121477311577_y.jpg?fit=975%2C367&ssl=1","contentUrl":"https:\/\/i0.wp.com\/portrasdanoticia.com.br\/wp-content\/uploads\/2024\/03\/cropped-photo_4911184121477311577_y.jpg?fit=975%2C367&ssl=1","width":975,"height":367,"caption":"Por tr\u00e1s da Not\u00edcia"},"image":{"@id":"https:\/\/portrasdanoticia.com.br\/#\/schema\/logo\/image\/"}},{"@type":"Person","@id":"https:\/\/portrasdanoticia.com.br\/#\/schema\/person\/c82049a66889abc8daf6f947cd4e34f9","name":"Colunista01","image":{"@type":"ImageObject","inLanguage":"pt-BR","@id":"https:\/\/portrasdanoticia.com.br\/#\/schema\/person\/image\/","url":"https:\/\/secure.gravatar.com\/avatar\/bbd2f0a69a82c93c144cbc2d621b8663?s=96&d=mm&r=g","contentUrl":"https:\/\/secure.gravatar.com\/avatar\/bbd2f0a69a82c93c144cbc2d621b8663?s=96&d=mm&r=g","caption":"Colunista01"},"sameAs":["https:\/\/portrasdanoticia.com.br\/"],"url":"https:\/\/portrasdanoticia.com.br\/?author=4"}]}},"jetpack_sharing_enabled":true,"jetpack_featured_media_url":"https:\/\/i0.wp.com\/portrasdanoticia.com.br\/wp-content\/uploads\/2026\/01\/IMG_9971-scaled.jpeg?fit=1920%2C2560&ssl=1","_links":{"self":[{"href":"https:\/\/portrasdanoticia.com.br\/index.php?rest_route=\/wp\/v2\/posts\/4296","targetHints":{"allow":["GET"]}}],"collection":[{"href":"https:\/\/portrasdanoticia.com.br\/index.php?rest_route=\/wp\/v2\/posts"}],"about":[{"href":"https:\/\/portrasdanoticia.com.br\/index.php?rest_route=\/wp\/v2\/types\/post"}],"author":[{"embeddable":true,"href":"https:\/\/portrasdanoticia.com.br\/index.php?rest_route=\/wp\/v2\/users\/4"}],"replies":[{"embeddable":true,"href":"https:\/\/portrasdanoticia.com.br\/index.php?rest_route=%2Fwp%2Fv2%2Fcomments&post=4296"}],"version-history":[{"count":1,"href":"https:\/\/portrasdanoticia.com.br\/index.php?rest_route=\/wp\/v2\/posts\/4296\/revisions"}],"predecessor-version":[{"id":4298,"href":"https:\/\/portrasdanoticia.com.br\/index.php?rest_route=\/wp\/v2\/posts\/4296\/revisions\/4298"}],"wp:featuredmedia":[{"embeddable":true,"href":"https:\/\/portrasdanoticia.com.br\/index.php?rest_route=\/wp\/v2\/media\/4297"}],"wp:attachment":[{"href":"https:\/\/portrasdanoticia.com.br\/index.php?rest_route=%2Fwp%2Fv2%2Fmedia&parent=4296"}],"wp:term":[{"taxonomy":"category","embeddable":true,"href":"https:\/\/portrasdanoticia.com.br\/index.php?rest_route=%2Fwp%2Fv2%2Fcategories&post=4296"},{"taxonomy":"post_tag","embeddable":true,"href":"https:\/\/portrasdanoticia.com.br\/index.php?rest_route=%2Fwp%2Fv2%2Ftags&post=4296"}],"curies":[{"name":"wp","href":"https:\/\/api.w.org\/{rel}","templated":true}]}}